{"id":34493,"date":"2025-05-26T04:24:19","date_gmt":"2025-05-26T04:24:19","guid":{"rendered":"https:\/\/haberbesiktas.tr\/?p=34493"},"modified":"2025-05-26T04:24:19","modified_gmt":"2025-05-26T04:24:19","slug":"kostic-transferinde-fenerbahceye-eski-ask-engeli","status":"publish","type":"post","link":"https:\/\/haberbesiktas.tr\/?p=34493","title":{"rendered":"Kostic transferinde Fenerbah\u00e7e&#8217;ye &#8216;eski a\u015fk&#8217; engeli!"},"content":{"rendered":"<div>Fenerbah\u00e7e&#8217;nin d\u00f6nem ba\u015f\u0131nda Juventus&#8217;tan kiralad\u0131\u011f\u0131 Kostic, g\u00f6sterdi\u011fi performansla Avrupa kadrolar\u0131n\u0131n dikkatini \u00fczerine \u00e7ekmeyi ba\u015fard\u0131.<\/p>\n<p> Sar\u0131-Lacivertliler, 32 ya\u015f\u0131ndaki deneyimli oyuncunun bonservisini almak i\u00e7in \u0130talya tak\u0131m\u0131yla g\u00f6r\u00fc\u015fmelerini s\u00fcrd\u00fcr\u00fcyor ve 6 milyon euro civar\u0131nda bonservis bedeliyle bu transferi bitirmeyi planl\u0131yor.<\/p>\n<p> <strong>FRANKFURT DA DEVREDE<\/strong><\/p>\n<p> Kostic&#8217;in 4 d\u00f6nem boyunca formas\u0131n\u0131 giydi\u011fi ve kaptanl\u0131\u011f\u0131 yapt\u0131\u011f\u0131 Frankfurt&#8217;un, transfer yar\u0131\u015f\u0131na dahil oldu\u011fu belirtildi.<\/p>\n<p> <strong>MOURINHO KALMASINI \u0130ST\u0130YOR<\/strong><\/p>\n<p> Ba\u015far\u0131l\u0131 oyuncu, Fenerbah\u00e7e Teknik Y\u00f6neticisi Jose Mourinho&#8217;nun en g\u00fcvendi\u011fi isimlerin ba\u015f\u0131nda geliyor. Portekizli \u00e7al\u0131\u015ft\u0131r\u0131c\u0131, S\u0131rp y\u0131ld\u0131z\u0131n\u0131n bonservisinin al\u0131nmas\u0131 gerekti\u011fini idareye iletti.<\/p>\n<p> <strong>PERFORMANSI<\/strong><\/p>\n<p> 32 ya\u015f\u0131ndaki sol bek, bu d\u00f6nem Fenerbah\u00e7e formas\u0131yla \u00e7\u0131kt\u0131\u011f\u0131 27 ma\u00e7ta 2 gol ve 7 asistlik performans sergiledi. Kostic&#8217;in akt\u00fcel piyasa pahas\u0131 ise 5.5 milyon euro.\u00a0<\/p>\n<div>\u00a0<\/div>\n<\/div>\n<p><\/p>\n","protected":false},"excerpt":{"rendered":"<p>Fenerbah\u00e7e, Juventus&#8217;tan kiralanan Filip Kostic&#8217;in bonservisini almak i\u00e7in harekete ge\u00e7ti ancak transferde p\u00fcr\u00fcz \u00e7\u0131kt\u0131.<\/p>\n","protected":false},"author":1,"featured_media":34494,"comment_status":"open","ping_status":"open","sticky":false,"template":"","format":"standard","meta":{"footnotes":""},"categories":[25],"tags":[],"class_list":["post-34493","post","type-post","status-publish","format-standard","has-post-thumbnail","hentry","category-futbol"],"_links":{"self":[{"href":"https:\/\/haberbesiktas.tr\/index.php?rest_route=\/wp\/v2\/posts\/34493","targetHints":{"allow":["GET"]}}],"collection":[{"href":"https:\/\/haberbesiktas.tr\/index.php?rest_route=\/wp\/v2\/posts"}],"about":[{"href":"https:\/\/haberbesiktas.tr\/index.php?rest_route=\/wp\/v2\/types\/post"}],"author":[{"embeddable":true,"href":"https:\/\/haberbesiktas.tr\/index.php?rest_route=\/wp\/v2\/users\/1"}],"replies":[{"embeddable":true,"href":"https:\/\/haberbesiktas.tr\/index.php?rest_route=%2Fwp%2Fv2%2Fcomments&post=34493"}],"version-history":[{"count":1,"href":"https:\/\/haberbesiktas.tr\/index.php?rest_route=\/wp\/v2\/posts\/34493\/revisions"}],"predecessor-version":[{"id":34495,"href":"https:\/\/haberbesiktas.tr\/index.php?rest_route=\/wp\/v2\/posts\/34493\/revisions\/34495"}],"wp:featuredmedia":[{"embeddable":true,"href":"https:\/\/haberbesiktas.tr\/index.php?rest_route=\/wp\/v2\/media\/34494"}],"wp:attachment":[{"href":"https:\/\/haberbesiktas.tr\/index.php?rest_route=%2Fwp%2Fv2%2Fmedia&parent=34493"}],"wp:term":[{"taxonomy":"category","embeddable":true,"href":"https:\/\/haberbesiktas.tr\/index.php?rest_route=%2Fwp%2Fv2%2Fcategories&post=34493"},{"taxonomy":"post_tag","embeddable":true,"href":"https:\/\/haberbesiktas.tr\/index.php?rest_route=%2Fwp%2Fv2%2Ftags&post=34493"}],"curies":[{"name":"wp","href":"https:\/\/api.w.org\/{rel}","templated":true}]}}