{"id":34496,"date":"2025-05-26T04:36:19","date_gmt":"2025-05-26T04:36:19","guid":{"rendered":"https:\/\/haberbesiktas.tr\/?p=34496"},"modified":"2025-05-26T04:36:19","modified_gmt":"2025-05-26T04:36:19","slug":"solskjaerden-immobileye-mesaj","status":"publish","type":"post","link":"https:\/\/haberbesiktas.tr\/?p=34496","title":{"rendered":"Solskjaer&#8217;den Immobile&#8217;ye mesaj!"},"content":{"rendered":"<div>\n<p>Be\u015fikta\u015f&#8217;ta teknik y\u00f6netici Ole Gunnar Solskjaer, Galatasaray derbisinde en \u00f6nde grubun tart\u0131\u015f\u0131lan ismi Ciro Immobile&#8217;ye vazife verecek.\u00a0<\/p>\n<p> <strong>&#8220;KAL\u0130TEN\u0130 ALANA YANSITMAN GEREK&#8221;<\/strong><\/p>\n<p> Kaybedilen son iki m\u00fcsabakada \u00e7ok etkisiz kalan ve kredisi her ge\u00e7en g\u00fcn azalan \u0130talyan santrfor ile g\u00f6r\u00fc\u015fen Norve\u00e7li hoca, <strong>&#8220;Bu ma\u00e7ta kendini g\u00f6ster. Art\u0131k kaliteni alana yans\u0131tman gerek&#8221;<\/strong> bildirisi verdi.<\/p>\n<p> 35 ya\u015f\u0131ndaki forvet i\u00e7in bu u\u011fra\u015f bir manada &#8216;son \u015fans&#8217; manas\u0131n\u0131 ta\u015f\u0131yor. Bu ortada Solskjaer&#8217;in, d\u00f6nemin kalan k\u0131sm\u0131nda gen\u00e7 forvet Mustafa Erhan Hekimo\u011flu&#8217;na daha fazla talih verece\u011fi tabir edildi.<\/p>\n<p> <strong>PERFORMANSI<\/strong><\/p>\n<p> Bu d\u00f6nem siyah beyazl\u0131 formayla 33 ma\u00e7ta misyon alan \u0130talyan y\u0131ld\u0131z, 15 gol 3 asistlik performans sergiledi.\u00a0<\/p>\n<div>\u00a0<\/div>\n<\/div>\n<p><\/p>\n","protected":false},"excerpt":{"rendered":"<p>Galatasaray derbisinde Ciro Immobile&#8217;ye g\u00fcvenen Be\u015fikta\u015f Teknik Y\u00f6neticisi Ole Gunnar Solskjaer, deneyimli forvete &#8220;Kendini g\u00f6ster&#8221; bildirisi verdi.<\/p>\n","protected":false},"author":1,"featured_media":34497,"comment_status":"open","ping_status":"open","sticky":false,"template":"","format":"standard","meta":{"footnotes":""},"categories":[25],"tags":[],"class_list":["post-34496","post","type-post","status-publish","format-standard","has-post-thumbnail","hentry","category-futbol"],"_links":{"self":[{"href":"https:\/\/haberbesiktas.tr\/index.php?rest_route=\/wp\/v2\/posts\/34496","targetHints":{"allow":["GET"]}}],"collection":[{"href":"https:\/\/haberbesiktas.tr\/index.php?rest_route=\/wp\/v2\/posts"}],"about":[{"href":"https:\/\/haberbesiktas.tr\/index.php?rest_route=\/wp\/v2\/types\/post"}],"author":[{"embeddable":true,"href":"https:\/\/haberbesiktas.tr\/index.php?rest_route=\/wp\/v2\/users\/1"}],"replies":[{"embeddable":true,"href":"https:\/\/haberbesiktas.tr\/index.php?rest_route=%2Fwp%2Fv2%2Fcomments&post=34496"}],"version-history":[{"count":1,"href":"https:\/\/haberbesiktas.tr\/index.php?rest_route=\/wp\/v2\/posts\/34496\/revisions"}],"predecessor-version":[{"id":34498,"href":"https:\/\/haberbesiktas.tr\/index.php?rest_route=\/wp\/v2\/posts\/34496\/revisions\/34498"}],"wp:featuredmedia":[{"embeddable":true,"href":"https:\/\/haberbesiktas.tr\/index.php?rest_route=\/wp\/v2\/media\/34497"}],"wp:attachment":[{"href":"https:\/\/haberbesiktas.tr\/index.php?rest_route=%2Fwp%2Fv2%2Fmedia&parent=34496"}],"wp:term":[{"taxonomy":"category","embeddable":true,"href":"https:\/\/haberbesiktas.tr\/index.php?rest_route=%2Fwp%2Fv2%2Fcategories&post=34496"},{"taxonomy":"post_tag","embeddable":true,"href":"https:\/\/haberbesiktas.tr\/index.php?rest_route=%2Fwp%2Fv2%2Ftags&post=34496"}],"curies":[{"name":"wp","href":"https:\/\/api.w.org\/{rel}","templated":true}]}}