{"id":3450,"date":"2025-01-14T01:36:30","date_gmt":"2025-01-14T01:36:30","guid":{"rendered":"https:\/\/haberbesiktas.tr\/?p=3450"},"modified":"2025-01-14T01:36:30","modified_gmt":"2025-01-14T01:36:30","slug":"mikel-arteta-la-masia-gibisini-gormedim","status":"publish","type":"post","link":"https:\/\/haberbesiktas.tr\/?p=3450","title":{"rendered":"Mikel Arteta: &#8220;La Masia gibisini g\u00f6rmedim&#8221;"},"content":{"rendered":"<div>Arsenal Teknik Y\u00f6neticisi Mikel Arteta, Barcelona&#8217;n\u0131n altyap\u0131s\u0131 La Masia hakk\u0131nda \u00f6vg\u00fc dolu kelamlar sarf etti.<\/p>\n<p>Kendisi de La Masia&#8217;dan yeti\u015fmi\u015f olan Arteta, <strong>&#8220;<\/strong><span><strong>Hayat\u0131mda g\u00f6rd\u00fc\u011f\u00fcm en e\u015fsiz, en rekabet\u00e7i ve en ilham verici ortam La Masia&#8217;ya ili\u015fkin.&#8221;<\/strong> s\u00f6zlerini kulland\u0131.<\/p>\n<p>D\u00fcnyan\u0131n en \u00e2l\u00e2 altyap\u0131s\u0131n\u0131n La Masia oldu\u011funu s\u00f6yleyen Arteta, <strong>&#8220;Muhtemelen 14-15 ya\u015flar\u0131nda A kadro ortam\u0131n\u0131 kopyalayan rastgele bir kul\u00fcpte yahut akademide g\u00f6rd\u00fc\u011f\u00fcm en profesyonel ortam.&#8221;<\/strong> dedi.<\/span><\/div>\n","protected":false},"excerpt":{"rendered":"<p>Arsenal Teknik Y\u00f6neticisi Mikel Arteta, Barcelona&#8217;n\u0131n altyap\u0131s\u0131 La Masia hakk\u0131nda \u00f6vg\u00fc dolu kelamlar sarf etti.<\/p>\n","protected":false},"author":1,"featured_media":3451,"comment_status":"open","ping_status":"open","sticky":false,"template":"","format":"standard","meta":{"footnotes":""},"categories":[25],"tags":[],"class_list":["post-3450","post","type-post","status-publish","format-standard","has-post-thumbnail","hentry","category-futbol"],"_links":{"self":[{"href":"https:\/\/haberbesiktas.tr\/index.php?rest_route=\/wp\/v2\/posts\/3450","targetHints":{"allow":["GET"]}}],"collection":[{"href":"https:\/\/haberbesiktas.tr\/index.php?rest_route=\/wp\/v2\/posts"}],"about":[{"href":"https:\/\/haberbesiktas.tr\/index.php?rest_route=\/wp\/v2\/types\/post"}],"author":[{"embeddable":true,"href":"https:\/\/haberbesiktas.tr\/index.php?rest_route=\/wp\/v2\/users\/1"}],"replies":[{"embeddable":true,"href":"https:\/\/haberbesiktas.tr\/index.php?rest_route=%2Fwp%2Fv2%2Fcomments&post=3450"}],"version-history":[{"count":1,"href":"https:\/\/haberbesiktas.tr\/index.php?rest_route=\/wp\/v2\/posts\/3450\/revisions"}],"predecessor-version":[{"id":3452,"href":"https:\/\/haberbesiktas.tr\/index.php?rest_route=\/wp\/v2\/posts\/3450\/revisions\/3452"}],"wp:featuredmedia":[{"embeddable":true,"href":"https:\/\/haberbesiktas.tr\/index.php?rest_route=\/wp\/v2\/media\/3451"}],"wp:attachment":[{"href":"https:\/\/haberbesiktas.tr\/index.php?rest_route=%2Fwp%2Fv2%2Fmedia&parent=3450"}],"wp:term":[{"taxonomy":"category","embeddable":true,"href":"https:\/\/haberbesiktas.tr\/index.php?rest_route=%2Fwp%2Fv2%2Fcategories&post=3450"},{"taxonomy":"post_tag","embeddable":true,"href":"https:\/\/haberbesiktas.tr\/index.php?rest_route=%2Fwp%2Fv2%2Ftags&post=3450"}],"curies":[{"name":"wp","href":"https:\/\/api.w.org\/{rel}","templated":true}]}}