{"id":34506,"date":"2025-05-26T05:12:22","date_gmt":"2025-05-26T05:12:22","guid":{"rendered":"https:\/\/haberbesiktas.tr\/?p=34506"},"modified":"2025-05-26T05:12:22","modified_gmt":"2025-05-26T05:12:22","slug":"semih-kilicsoy-yine-umit-verdi","status":"publish","type":"post","link":"https:\/\/haberbesiktas.tr\/?p=34506","title":{"rendered":"Semih K\u0131l\u0131\u00e7soy, yine &#8216;\u00fcmit&#8217; verdi"},"content":{"rendered":"<div>\n<p>Be\u015fikta\u015f&#8217;\u0131n gen\u00e7 forveti Semih K\u0131l\u0131\u00e7soy, \u00dcmit Ulusal Kadro&#8217;da tekrar fileleri havaland\u0131rd\u0131.<\/p>\n<p> U21 Ulusal Grubumuz, haz\u0131rl\u0131k ma\u00e7\u0131nda Belarus ile kar\u015f\u0131la\u015ft\u0131. Myalkovsky&#8217;nin gol\u00fcyle geri d\u00fc\u015fen temsilcimiz, 43&#8217;te kaptan Semih K\u0131l\u0131\u00e7soy ile skoru e\u015fitledi.<\/p>\n<p> 73&#8217;te Tsepenkov tekrar Belarus&#8217;u \u00f6ne ge\u00e7irdi. 74&#8217;te Burak \u0130nce, f\u00fczesiyle bir kere daha grubumuza beraberli\u011fi getirse de Tsepenkov skoru belirledi ve 3-2 yenildik.\u00a0<\/p>\n<p> <strong>SOLSKJAER TR\u0130B\u00dcNDEYD\u0130<\/strong><\/p>\n<p> \u00dcmit Millilerimiz 21 Mart&#8217;ta Kosova&#8217;y\u0131 2-1 ma\u011flup ederken Semih o gayrette de penalt\u0131dan gol\u00fcn\u00fc atm\u0131\u015ft\u0131. Bu ortada Solskjaer, m\u00fcsabakay\u0131 trib\u00fcnden takip etti. <\/p>\n<p> <img decoding=\"async\" src=\"https:\/\/haberbesiktas.tr\/wp-content\/uploads\/2025\/05\/semih-kilicsoy-yine-umit-verdi-0-1VSNdOVj.jpg\"\/><\/p>\n<\/div>\n<p><\/p>\n","protected":false},"excerpt":{"rendered":"<p>\u00dcmit Ulusal Ekip formas\u0131yla \u00fcst \u00fcste ikinci ma\u00e7\u0131nda da gol atan Semih K\u0131l\u0131\u00e7soy, Belarus kar\u015f\u0131s\u0131nda skora katk\u0131 sa\u011flad\u0131.<\/p>\n","protected":false},"author":1,"featured_media":34507,"comment_status":"open","ping_status":"open","sticky":false,"template":"","format":"standard","meta":{"footnotes":""},"categories":[25],"tags":[],"class_list":["post-34506","post","type-post","status-publish","format-standard","has-post-thumbnail","hentry","category-futbol"],"_links":{"self":[{"href":"https:\/\/haberbesiktas.tr\/index.php?rest_route=\/wp\/v2\/posts\/34506","targetHints":{"allow":["GET"]}}],"collection":[{"href":"https:\/\/haberbesiktas.tr\/index.php?rest_route=\/wp\/v2\/posts"}],"about":[{"href":"https:\/\/haberbesiktas.tr\/index.php?rest_route=\/wp\/v2\/types\/post"}],"author":[{"embeddable":true,"href":"https:\/\/haberbesiktas.tr\/index.php?rest_route=\/wp\/v2\/users\/1"}],"replies":[{"embeddable":true,"href":"https:\/\/haberbesiktas.tr\/index.php?rest_route=%2Fwp%2Fv2%2Fcomments&post=34506"}],"version-history":[{"count":1,"href":"https:\/\/haberbesiktas.tr\/index.php?rest_route=\/wp\/v2\/posts\/34506\/revisions"}],"predecessor-version":[{"id":34509,"href":"https:\/\/haberbesiktas.tr\/index.php?rest_route=\/wp\/v2\/posts\/34506\/revisions\/34509"}],"wp:featuredmedia":[{"embeddable":true,"href":"https:\/\/haberbesiktas.tr\/index.php?rest_route=\/wp\/v2\/media\/34507"}],"wp:attachment":[{"href":"https:\/\/haberbesiktas.tr\/index.php?rest_route=%2Fwp%2Fv2%2Fmedia&parent=34506"}],"wp:term":[{"taxonomy":"category","embeddable":true,"href":"https:\/\/haberbesiktas.tr\/index.php?rest_route=%2Fwp%2Fv2%2Fcategories&post=34506"},{"taxonomy":"post_tag","embeddable":true,"href":"https:\/\/haberbesiktas.tr\/index.php?rest_route=%2Fwp%2Fv2%2Ftags&post=34506"}],"curies":[{"name":"wp","href":"https:\/\/api.w.org\/{rel}","templated":true}]}}