{"id":34510,"date":"2025-05-26T05:24:31","date_gmt":"2025-05-26T05:24:31","guid":{"rendered":"https:\/\/haberbesiktas.tr\/?p=34510"},"modified":"2025-05-26T05:24:31","modified_gmt":"2025-05-26T05:24:31","slug":"edin-dzekodan-mourinhoya-sakatlik-mesaji","status":"publish","type":"post","link":"https:\/\/haberbesiktas.tr\/?p=34510","title":{"rendered":"Edin Dzeko&#8217;dan Mourinho&#8217;ya sakatl\u0131k mesaj\u0131!"},"content":{"rendered":"<div>Tecr\u00fcbeli golc\u00fc, 39 ya\u015f\u0131na kar\u015f\u0131n Fenerbah\u00e7e&#8217;nin atak s\u0131n\u0131r\u0131ndaki en k\u0131ymetli isimlerden biri olmaya devam ediyor. D\u00f6nemin kritik devrine girilirken, Dzeko&#8217;nun ulusal ma\u00e7ta burnunun k\u0131r\u0131lmas\u0131 Sar\u0131-Lacivertliler cephesinde tela\u015f yaratm\u0131\u015ft\u0131.<\/p>\n<p> Y\u0131ld\u0131z futbolcu, evvelki g\u00fcn G\u00fcney K\u0131br\u0131s Rum B\u00f6l\u00fcm\u00fc m\u00fcsabakas\u0131nda oynamamas\u0131na kar\u015f\u0131n kadro arkada\u015flar\u0131n\u0131 yaln\u0131z b\u0131rakmamak i\u00e7in kampta kalmay\u0131 tercih etti. D\u00fcn \u0130stanbul&#8217;a d\u00f6nen Dzeko, aya\u011f\u0131n\u0131n tozuyla Fenerbah\u00e7e s\u0131hhat tak\u0131m\u0131 taraf\u0131ndan ayr\u0131nt\u0131l\u0131 bir muayeneden ge\u00e7irildi.<\/p>\n<p> <strong>MASKEL\u0130 D\u00d6N\u00dc\u015e<\/strong><\/p>\n<p> Bosna Hersek Ulusal Kadrosu hekimleri \u00fczere Fenerbah\u00e7e s\u0131hhat heyeti de golc\u00fc oyuncunun ameliyat olmas\u0131na gerek olmad\u0131\u011f\u0131 istikametinde g\u00f6r\u00fc\u015f bildirdi.<\/p>\n<p> Dzeko ise hi\u00e7bir ma\u00e7\u0131 ka\u00e7\u0131rmak istemedi\u011fini Mourinho&#8217;ya bilhassa iletti. Tecr\u00fcbeli forvetin, kendisi i\u00e7in haz\u0131rlanacak \u00f6zel bir maske ile alanlara d\u00f6nebilece\u011fi \u00f6\u011frenildi. \u015eayet son denetimlerde bir aksilik \u00e7\u0131kmazsa 39 ya\u015f\u0131ndaki y\u0131ld\u0131z, Cuma g\u00fcn\u00fc Bodrum FK kar\u015f\u0131s\u0131nda alanda olacak.\u00a0<\/p>\n<div>\u00a0<\/div>\n<\/div>\n<p><\/p>\n","protected":false},"excerpt":{"rendered":"<p>Edin Dzeko, Romanya ile oynanan ulusal ma\u00e7ta sakatlanm\u0131\u015f ve burnu k\u0131r\u0131lm\u0131\u015ft\u0131. Bo\u015fnak futbolcunun sakatl\u0131kla ilgili teknik y\u00f6netici Jose Mourinho&#8217;ya verdi\u011fi ileti ortaya \u00e7\u0131kt\u0131.<\/p>\n","protected":false},"author":1,"featured_media":34511,"comment_status":"open","ping_status":"open","sticky":false,"template":"","format":"standard","meta":{"footnotes":""},"categories":[25],"tags":[],"class_list":["post-34510","post","type-post","status-publish","format-standard","has-post-thumbnail","hentry","category-futbol"],"_links":{"self":[{"href":"https:\/\/haberbesiktas.tr\/index.php?rest_route=\/wp\/v2\/posts\/34510","targetHints":{"allow":["GET"]}}],"collection":[{"href":"https:\/\/haberbesiktas.tr\/index.php?rest_route=\/wp\/v2\/posts"}],"about":[{"href":"https:\/\/haberbesiktas.tr\/index.php?rest_route=\/wp\/v2\/types\/post"}],"author":[{"embeddable":true,"href":"https:\/\/haberbesiktas.tr\/index.php?rest_route=\/wp\/v2\/users\/1"}],"replies":[{"embeddable":true,"href":"https:\/\/haberbesiktas.tr\/index.php?rest_route=%2Fwp%2Fv2%2Fcomments&post=34510"}],"version-history":[{"count":1,"href":"https:\/\/haberbesiktas.tr\/index.php?rest_route=\/wp\/v2\/posts\/34510\/revisions"}],"predecessor-version":[{"id":34512,"href":"https:\/\/haberbesiktas.tr\/index.php?rest_route=\/wp\/v2\/posts\/34510\/revisions\/34512"}],"wp:featuredmedia":[{"embeddable":true,"href":"https:\/\/haberbesiktas.tr\/index.php?rest_route=\/wp\/v2\/media\/34511"}],"wp:attachment":[{"href":"https:\/\/haberbesiktas.tr\/index.php?rest_route=%2Fwp%2Fv2%2Fmedia&parent=34510"}],"wp:term":[{"taxonomy":"category","embeddable":true,"href":"https:\/\/haberbesiktas.tr\/index.php?rest_route=%2Fwp%2Fv2%2Fcategories&post=34510"},{"taxonomy":"post_tag","embeddable":true,"href":"https:\/\/haberbesiktas.tr\/index.php?rest_route=%2Fwp%2Fv2%2Ftags&post=34510"}],"curies":[{"name":"wp","href":"https:\/\/api.w.org\/{rel}","templated":true}]}}