{"id":3456,"date":"2025-01-14T02:12:29","date_gmt":"2025-01-14T02:12:29","guid":{"rendered":"https:\/\/haberbesiktas.tr\/?p=3456"},"modified":"2025-01-14T02:12:29","modified_gmt":"2025-01-14T02:12:29","slug":"turk-futbolunun-beyefendi-ismi-ahmet-calik","status":"publish","type":"post","link":"https:\/\/haberbesiktas.tr\/?p=3456","title":{"rendered":"T\u00fcrk futbolunun beyefendi ismi: Ahmet \u00c7al\u0131k"},"content":{"rendered":"<div>Ankara&#8217;da ge\u00e7irdi\u011fi trafik kazas\u0131nda hayat\u0131n\u0131 kaybeden ulusal futbolcu Ahmet \u00c7al\u0131k, vefat\u0131n\u0131n \u00fc\u00e7\u00fcnc\u00fc y\u0131l\u0131nda an\u0131l\u0131yor.<\/p>\n<p> 26 \u015eubat 1994&#8217;te Ankara&#8217;da do\u011fan Ahmet \u00c7al\u0131k, futbola Gen\u00e7lerbirli\u011fi altyap\u0131s\u0131nda ba\u015flad\u0131.<\/p>\n<p> Gen\u00e7lerbirli\u011fi A kadro formas\u0131n\u0131 birinci kere 21 Nisan 2013&#8217;te Fenerbah\u00e7e ile oynanan S\u00fcper Lig m\u00fcsabakas\u0131nda giyen \u00c7al\u0131k, bu ma\u00e7taki ba\u015far\u0131l\u0131 performans\u0131yla birinci sefer isminden kelam ettirdi.<\/p>\n<p> Altyap\u0131s\u0131nda yeti\u015fti\u011fi Gen\u00e7lerbirli\u011fi Kul\u00fcb\u00fcnde gen\u00e7 ya\u015fta kaptanl\u0131k misyonunu \u00fcstlenen \u00c7al\u0131k, k\u0131rm\u0131z\u0131-siyahl\u0131 ekiple 118 ma\u00e7ta misyon yapt\u0131.<\/p>\n<p> <strong>Galatasaray&#8217;a transfer oldu<\/strong><\/p>\n<p> Gen\u00e7lerbirli\u011fi&#8217;nde g\u00f6sterdi\u011fi performansla A Ulusal Grup&#8217;ya davet edilen savunma oyuncusu Ahmet \u00c7al\u0131k, 2016-2017 d\u00f6nemi orta transfer devrinde Galatasaray ile mukavele imzalad\u0131.<\/p>\n<p> Galatasaray&#8217;da 3,5 d\u00f6nem misyon yapan \u00c7al\u0131k, 56 ma\u00e7ta m\u00fchlet ald\u0131. \u00c7al\u0131k, sar\u0131-k\u0131rm\u0131z\u0131l\u0131 kul\u00fcple kontrat\u0131n\u0131 kar\u015f\u0131l\u0131kl\u0131 feshettikten sonra T\u00dcMOSAN Konyaspor ile anla\u015ft\u0131.<\/p>\n<p> Stoper b\u00f6lgesinde vazife yapan \u00c7al\u0131k, 2020-2021 d\u00f6neminden itibaren Konyaspor ismine u\u011fra\u015f etti.<\/p>\n<p> Gen\u00e7lerbirli\u011fi, Galatasaray ve Konyaspor tak\u0131mlar\u0131yla S\u00fcper Lig&#8217;de 192 ma\u00e7a \u00e7\u0131kan \u00c7al\u0131k, 6 gol att\u0131. Ulusal oyuncu, \u00fc\u00e7 kul\u00fcple t\u00fcm kulvarda ise 225 ma\u00e7ta vazife yapt\u0131.<\/p>\n<p> <strong>Milli ekip kariyeri<\/strong><\/p>\n<p> Ulusal kadrolara 16 ya\u015f alt\u0131 kategorisinden itibaren davet edilen Ahmet \u00c7al\u0131k, A Ulusal Futbol Grubu formas\u0131n\u0131 birinci defa 17 Kas\u0131m 2015&#8217;te Yunanistan ile oynanan \u00f6zel ma\u00e7ta giydi.<\/p>\n<p> A Ulusal Kadro formas\u0131yla 8 ma\u00e7a \u00e7\u0131kan \u00c7al\u0131k, T\u00fcrkiye&#8217;nin Moldova&#8217;y\u0131 3-1 yendi\u011fi \u00f6zel ma\u00e7ta gol sevinci de ya\u015fad\u0131.<\/p>\n<p> <strong>Trafik kazas\u0131nda \u00f6mr\u00fcn\u00fc yitirdi<\/strong><\/p>\n<p> Ahmet \u00c7al\u0131k, 11 Ocak 2022&#8217;de Konya&#8217;dan Ankara&#8217;ya d\u00f6nerken ge\u00e7irdi\u011fi trafik kazas\u0131 sonucu vefat etti.<\/p>\n<p> \u00c7al\u0131k&#8217;\u0131n kulland\u0131\u011f\u0131 araba, Ankara-Ni\u011fde otoyolunda seyir halindeyken, G\u00f6lba\u015f\u0131 Hac\u0131lar mevkisinde denetimden \u00e7\u0131k\u0131p \u015farampole devrildi.<\/p>\n<p> Futbol toplulu\u011funda beyefendi kimli\u011fiyle tan\u0131nan \u00c7al\u0131k, 27 ya\u015f\u0131nda hayat\u0131n\u0131 kaybetti. \u00c7al\u0131k&#8217;\u0131n vefat\u0131 futbolseverleri derinden \u00fczd\u00fc.<\/p>\n<p> Futbol toplulu\u011funun sevilen isimlerinden Ahmet \u00c7al\u0131k&#8217;\u0131n vefat\u0131 sonras\u0131 kadro arkada\u015flar\u0131, toplumsal medya hesaplar\u0131ndan futbolcunun yard\u0131msever ki\u015fili\u011fi ve d\u00fczg\u00fcn karakteriyle ilgili payla\u015f\u0131mlarda bulundu.<\/p>\n<p> Spor Toto S\u00fcper Lig&#8217;de 2021-2022 d\u00f6neminin kalan haftalar\u0131 da &#8220;Ahmet \u00c7al\u0131k Sezonu&#8221; olarak oynat\u0131ld\u0131.<\/p>\n<\/div>\n","protected":false},"excerpt":{"rendered":"<p>Trafik kazas\u0131 sonucu 2022 y\u0131l\u0131nda hayat\u0131n\u0131 kaybeden Ahmet \u00c7al\u0131k, mesle\u011finde Gen\u00e7lerbirli\u011fi&#8217;nin yan\u0131 s\u0131ra G.Saray ve Konyaspor ekiplerinin formalar\u0131n\u0131 giydi.<\/p>\n","protected":false},"author":1,"featured_media":3457,"comment_status":"open","ping_status":"open","sticky":false,"template":"","format":"standard","meta":{"footnotes":""},"categories":[25],"tags":[474,172,270,52,475],"class_list":["post-3456","post","type-post","status-publish","format-standard","has-post-thumbnail","hentry","category-futbol","tag-calik","tag-futbol","tag-milli","tag-takim","tag-yas"],"_links":{"self":[{"href":"https:\/\/haberbesiktas.tr\/index.php?rest_route=\/wp\/v2\/posts\/3456","targetHints":{"allow":["GET"]}}],"collection":[{"href":"https:\/\/haberbesiktas.tr\/index.php?rest_route=\/wp\/v2\/posts"}],"about":[{"href":"https:\/\/haberbesiktas.tr\/index.php?rest_route=\/wp\/v2\/types\/post"}],"author":[{"embeddable":true,"href":"https:\/\/haberbesiktas.tr\/index.php?rest_route=\/wp\/v2\/users\/1"}],"replies":[{"embeddable":true,"href":"https:\/\/haberbesiktas.tr\/index.php?rest_route=%2Fwp%2Fv2%2Fcomments&post=3456"}],"version-history":[{"count":1,"href":"https:\/\/haberbesiktas.tr\/index.php?rest_route=\/wp\/v2\/posts\/3456\/revisions"}],"predecessor-version":[{"id":3458,"href":"https:\/\/haberbesiktas.tr\/index.php?rest_route=\/wp\/v2\/posts\/3456\/revisions\/3458"}],"wp:featuredmedia":[{"embeddable":true,"href":"https:\/\/haberbesiktas.tr\/index.php?rest_route=\/wp\/v2\/media\/3457"}],"wp:attachment":[{"href":"https:\/\/haberbesiktas.tr\/index.php?rest_route=%2Fwp%2Fv2%2Fmedia&parent=3456"}],"wp:term":[{"taxonomy":"category","embeddable":true,"href":"https:\/\/haberbesiktas.tr\/index.php?rest_route=%2Fwp%2Fv2%2Fcategories&post=3456"},{"taxonomy":"post_tag","embeddable":true,"href":"https:\/\/haberbesiktas.tr\/index.php?rest_route=%2Fwp%2Fv2%2Ftags&post=3456"}],"curies":[{"name":"wp","href":"https:\/\/api.w.org\/{rel}","templated":true}]}}