{"id":34612,"date":"2025-05-26T12:00:23","date_gmt":"2025-05-26T12:00:23","guid":{"rendered":"https:\/\/haberbesiktas.tr\/?p=34612"},"modified":"2025-05-26T12:00:23","modified_gmt":"2025-05-26T12:00:23","slug":"bayern-munihte-alphonso-davies-ve-dayot-upamecano-sakatlandi","status":"publish","type":"post","link":"https:\/\/haberbesiktas.tr\/?p=34612","title":{"rendered":"Bayern M\u00fcnih&#8217;te Alphonso Davies ve Dayot Upamecano sakatland\u0131"},"content":{"rendered":"<div>\n<p><span>Alman kul\u00fcb\u00fc Bayern M\u00fcnih, ulusal futbolcular\u0131 Alphonso Davies ve Dayot Upamecano&#8217;nun sakatland\u0131\u011f\u0131n\u0131 a\u00e7\u0131klad\u0131.<\/p>\n<p><span>Kul\u00fcb\u00fcn internet sitesinden yap\u0131lan a\u00e7\u0131klamaya nazaran, sol dizinden sakatlanan Frans\u0131z stoper Upamecano&#8217;nun birka\u00e7 hafta alanlardan uzak kalmas\u0131 beklenirken, Davies&#8217;in durumu daha \u00f6nemli.<\/span><br \/><\/span><\/p>\n<p> Kanada Ulusal Grubuyla ABD ile oynanan CONCACAF Uluslar Ligi 3.&#8217;l\u00fck ma\u00e7\u0131n\u0131n \u015fimdi 12. dakikas\u0131nda oyundan \u00e7\u0131kan Davies&#8217;in \u00e7apraz ba\u011flar\u0131n\u0131n y\u0131rt\u0131ld\u0131\u011f\u0131 a\u00e7\u0131kland\u0131.<\/p>\n<p> <strong>1 AY EVVEL MUKAVELE YEN\u0130LEND\u0130<\/strong><\/p>\n<p> Bayern M\u00fcnih, d\u00f6nem sonunda kontrat\u0131 sona erecek Alphonso Davies ile 1 ay evvel 5 y\u0131ll\u0131k bir mukavele imzalam\u0131\u015ft\u0131.<\/p>\n<p> <strong>SEZONU KAPATTI<\/strong><\/p>\n<p> 24 ya\u015f\u0131ndaki futbolcunun \u00f6n\u00fcm\u00fczdeki aylarda alanlardan uzak kalaca\u011f\u0131 ve fakat 2025-26 d\u00f6nemi ba\u015f\u0131nda alanlara d\u00f6nebilece\u011fi belirtildi.<\/p>\n<p><strong>&#8220;YOKLUKLARI BAYERN&#8217;E A\u011eIR B\u0130R DARBE&#8221;<\/strong><\/p>\n<p> Ulusal ma\u00e7 ortalar\u0131n\u0131n daima bir sakatl\u0131k riski bar\u0131nd\u0131rd\u0131\u011f\u0131n\u0131 vurgulayan Bayern M\u00fcnih Sportif Y\u00f6neticisi Max Eberl, <strong>&#8220;Ne yaz\u0131k ki oyuncular\u0131n ulusal ortalardan sakat d\u00f6nme riski her vakit vard\u0131r, bu sefer bilhassa bizi \u00e7ok etkiledi. Alphonso Davies ve Dayot Upamecano&#8217;nun yoklu\u011fu Bayern i\u00e7in a\u011f\u0131r bir darbe.&#8221;<\/strong> tabirlerini kulland\u0131.<\/p>\n<p> Temmuz 2021&#8217;de Alman kul\u00fcb\u00fc Leipzig&#8217;den Bayern M\u00fcnih&#8217;e transfer olan Upamecano, burada iki Bundesliga ve iki Almanya Harika Kupas\u0131 \u015fampiyonlu\u011fu ya\u015fad\u0131.<\/p>\n<p> Ocak 2019&#8217;da Amerikan Birinci Futbol Ligi (MLS) gruplar\u0131ndan Vancouver&#8217;dan Alman kul\u00fcb\u00fcne kat\u0131lan Davies ise biri \u015eampiyonlar Ligi ve be\u015fi Bundesliga \u015fampiyonlu\u011fu olmak \u00fczere Bayern M\u00fcnih ile 13 kupa kald\u0131rd\u0131.<\/p>\n<\/div>\n<p><\/p>\n","protected":false},"excerpt":{"rendered":"<p>Bayern M\u00fcnih, 1 ay evvel 5 y\u0131ll\u0131k kontrat yenileyen Kanadal\u0131 sol beki Alphonso Davies&#8217;in ulusal ma\u00e7ta ya\u015fad\u0131\u011f\u0131 sakatl\u0131k sonras\u0131 \u00e7apraz ba\u011flar\u0131n\u0131n y\u0131rt\u0131ld\u0131\u011f\u0131n\u0131 a\u00e7\u0131klad\u0131.<\/p>\n","protected":false},"author":1,"featured_media":34613,"comment_status":"open","ping_status":"open","sticky":false,"template":"","format":"standard","meta":{"footnotes":""},"categories":[25],"tags":[1171,678],"class_list":["post-34612","post","type-post","status-publish","format-standard","has-post-thumbnail","hentry","category-futbol","tag-bayern-munih","tag-davies"],"_links":{"self":[{"href":"https:\/\/haberbesiktas.tr\/index.php?rest_route=\/wp\/v2\/posts\/34612","targetHints":{"allow":["GET"]}}],"collection":[{"href":"https:\/\/haberbesiktas.tr\/index.php?rest_route=\/wp\/v2\/posts"}],"about":[{"href":"https:\/\/haberbesiktas.tr\/index.php?rest_route=\/wp\/v2\/types\/post"}],"author":[{"embeddable":true,"href":"https:\/\/haberbesiktas.tr\/index.php?rest_route=\/wp\/v2\/users\/1"}],"replies":[{"embeddable":true,"href":"https:\/\/haberbesiktas.tr\/index.php?rest_route=%2Fwp%2Fv2%2Fcomments&post=34612"}],"version-history":[{"count":1,"href":"https:\/\/haberbesiktas.tr\/index.php?rest_route=\/wp\/v2\/posts\/34612\/revisions"}],"predecessor-version":[{"id":34614,"href":"https:\/\/haberbesiktas.tr\/index.php?rest_route=\/wp\/v2\/posts\/34612\/revisions\/34614"}],"wp:featuredmedia":[{"embeddable":true,"href":"https:\/\/haberbesiktas.tr\/index.php?rest_route=\/wp\/v2\/media\/34613"}],"wp:attachment":[{"href":"https:\/\/haberbesiktas.tr\/index.php?rest_route=%2Fwp%2Fv2%2Fmedia&parent=34612"}],"wp:term":[{"taxonomy":"category","embeddable":true,"href":"https:\/\/haberbesiktas.tr\/index.php?rest_route=%2Fwp%2Fv2%2Fcategories&post=34612"},{"taxonomy":"post_tag","embeddable":true,"href":"https:\/\/haberbesiktas.tr\/index.php?rest_route=%2Fwp%2Fv2%2Ftags&post=34612"}],"curies":[{"name":"wp","href":"https:\/\/api.w.org\/{rel}","templated":true}]}}