{"id":34615,"date":"2025-05-26T12:12:30","date_gmt":"2025-05-26T12:12:30","guid":{"rendered":"https:\/\/haberbesiktas.tr\/?p=34615"},"modified":"2025-05-26T12:12:30","modified_gmt":"2025-05-26T12:12:30","slug":"galatasaraydan-sampiyonluk-kampi","status":"publish","type":"post","link":"https:\/\/haberbesiktas.tr\/?p=34615","title":{"rendered":"Galatasaray&#8217;dan \u015fampiyonluk kamp\u0131!"},"content":{"rendered":"<div>\n<p>Antalya&#8217;da kritik Alanyaspor ma\u00e7\u0131 \u00f6ncesi k\u0131sa bir kamp yapan Galatasaray yeni bir kampa daha haz\u0131rlan\u0131yor. Sar\u0131 k\u0131rm\u0131z\u0131l\u0131lar; Be\u015fikta\u015f ve Fenerbah\u00e7e derbilerinden sonra gelecek bay haftas\u0131nda bir haftal\u0131k geni\u015f bir kamp yapacak.<\/p>\n<p> Teknik heyet ve idare, mak\u00fbs gidi\u015fat\u0131 de\u011fi\u015ftirme ismine Alanya deplasman\u0131 \u00f6ncesinde kadrosu 3 g\u00fcnl\u00fck kampa alm\u0131\u015ft\u0131. Sonlu say\u0131da i\u015f\u00e7iyle Belek&#8217;in yolunu tutan Galatasaray&#8217;\u0131 bu kamp kendine getirdi. Pe\u015f pe\u015fe gelen Alanyaspor ve Antalyaspor galibiyetleriyle puan fark\u0131 9&#8217;a \u00e7\u0131kt\u0131.<\/p>\n<p> Ulusal ara d\u00f6n\u00fc\u015f\u00fcnde ligde Be\u015fikta\u015f, kupada Fenerbah\u00e7e&#8217;nin konu\u011fu olacak sar\u0131-k\u0131rm\u0131z\u0131l\u0131lar, 5-6 Nisan haftas\u0131n\u0131 &#8216;bay&#8217; ge\u00e7ecek. Bu 10 g\u00fcnl\u00fck ortada Belek&#8217;teki t\u0131pk\u0131 otelde kamp organize edildi. Galatasaray 12-13 Nisan&#8217;a denk gelecek Samsunspor deplasman\u0131na Antalya&#8217;n\u0131n ho\u015f havas\u0131nda haz\u0131rlanacak. Kampa t\u00fcm grup g\u00f6t\u00fcr\u00fclecek.\u00a0<\/p>\n<\/div>\n<p><\/p>\n","protected":false},"excerpt":{"rendered":"<p>Be\u015fikta\u015f ve Fenerbah\u00e7e derbileri \u00f6ncesi Alanya deplasman\u0131na haz\u0131rlanan Galatasaray, ulusal ortada Belek&#8217;te 10 g\u00fcnl\u00fck kamp yapacak ve Samsunspor ma\u00e7\u0131na Antalya&#8217;da haz\u0131rl\u0131k yapacak.<\/p>\n","protected":false},"author":1,"featured_media":34616,"comment_status":"open","ping_status":"open","sticky":false,"template":"","format":"standard","meta":{"footnotes":""},"categories":[25],"tags":[1036],"class_list":["post-34615","post","type-post","status-publish","format-standard","has-post-thumbnail","hentry","category-futbol","tag-kamp"],"_links":{"self":[{"href":"https:\/\/haberbesiktas.tr\/index.php?rest_route=\/wp\/v2\/posts\/34615","targetHints":{"allow":["GET"]}}],"collection":[{"href":"https:\/\/haberbesiktas.tr\/index.php?rest_route=\/wp\/v2\/posts"}],"about":[{"href":"https:\/\/haberbesiktas.tr\/index.php?rest_route=\/wp\/v2\/types\/post"}],"author":[{"embeddable":true,"href":"https:\/\/haberbesiktas.tr\/index.php?rest_route=\/wp\/v2\/users\/1"}],"replies":[{"embeddable":true,"href":"https:\/\/haberbesiktas.tr\/index.php?rest_route=%2Fwp%2Fv2%2Fcomments&post=34615"}],"version-history":[{"count":1,"href":"https:\/\/haberbesiktas.tr\/index.php?rest_route=\/wp\/v2\/posts\/34615\/revisions"}],"predecessor-version":[{"id":34617,"href":"https:\/\/haberbesiktas.tr\/index.php?rest_route=\/wp\/v2\/posts\/34615\/revisions\/34617"}],"wp:featuredmedia":[{"embeddable":true,"href":"https:\/\/haberbesiktas.tr\/index.php?rest_route=\/wp\/v2\/media\/34616"}],"wp:attachment":[{"href":"https:\/\/haberbesiktas.tr\/index.php?rest_route=%2Fwp%2Fv2%2Fmedia&parent=34615"}],"wp:term":[{"taxonomy":"category","embeddable":true,"href":"https:\/\/haberbesiktas.tr\/index.php?rest_route=%2Fwp%2Fv2%2Fcategories&post=34615"},{"taxonomy":"post_tag","embeddable":true,"href":"https:\/\/haberbesiktas.tr\/index.php?rest_route=%2Fwp%2Fv2%2Ftags&post=34615"}],"curies":[{"name":"wp","href":"https:\/\/api.w.org\/{rel}","templated":true}]}}