{"id":34624,"date":"2025-05-26T12:48:12","date_gmt":"2025-05-26T12:48:12","guid":{"rendered":"https:\/\/haberbesiktas.tr\/?p=34624"},"modified":"2025-05-26T12:48:12","modified_gmt":"2025-05-26T12:48:12","slug":"turk-cimnastigi-2028de-madalya-icin-sahne-alacak","status":"publish","type":"post","link":"https:\/\/haberbesiktas.tr\/?p=34624","title":{"rendered":"T\u00fcrk Cimnasti\u011fi 2028&#8217;de madalya i\u00e7in sahne alacak"},"content":{"rendered":"<p>T\u00fcrkiye Cimnastik Federasyonu Ba\u015fkan\u0131 Suat \u00c7elen, T\u00fcrk cimnasti\u011finin Los Angeles 2028 Olimpiyat Oyunlar\u0131&#8217;nda T\u00fcrkiye&#8217;nin madalya umudu olaca\u011f\u0131n\u0131 s\u00f6yledi.\u00a0<\/p>\n<p> Suat \u00c7elen, Vestel&#8217;in sponsorlu\u011funda Antalya \u0130brahim \u00c7olak Cimnastik Salonu&#8217;nda d\u00fczenlenen Artistik Cimnastik D\u00fcnya Kupas\u0131&#8217;n\u0131n T\u00fcrkiye aya\u011f\u0131nda AA muhabirine, tertibin a\u011f\u0131r bir \u00fclke i\u015ftirakiyle ba\u015far\u0131l\u0131 ge\u00e7ti\u011fini belirtti.<\/p>\n<p> T\u00fcrk cimnasti\u011finin her ge\u00e7en g\u00fcn \u00e7\u0131tay\u0131 y\u00fckselterek muvaffakiyetle yoluna devam etti\u011fini lisana getiren \u00c7elen, 2024 Olimpiyatlar\u0131&#8217;nda grup kotas\u0131 ald\u0131klar\u0131n\u0131 ve 2 final yapt\u0131klar\u0131n\u0131 an\u0131msatt\u0131.<\/p>\n<p> Olimpiyatlara gitmenin kendileri i\u00e7in madalya ile e\u015f bedel oldu\u011funu vurgulayan \u00c7elen, <strong>&#8220;Sporcular\u0131m\u0131z k\u00fc\u00e7\u00fck yan\u0131lg\u0131larla olimpiyat madalyas\u0131n\u0131 ka\u00e7\u0131rm\u0131\u015ft\u0131. Ba\u015far\u0131l\u0131 bir olimpiyat ge\u00e7irdik.&#8221;<\/strong> dedi.<\/p>\n<p> <strong>&#8211; &#8220;T\u00fcrk cimnasti\u011fi \u00fclkemizin gururu olacak&#8221;<\/strong><\/p>\n<p> T\u00fcrk cimnasti\u011finin art\u0131k kat\u0131ld\u0131\u011f\u0131 her milletleraras\u0131 tertipte savl\u0131 oldu\u011funu anlatan \u00c7elen, <strong>&#8220;T\u00fcrk cimnasti\u011fi, 2028 Olimpiyatlar\u0131&#8217;nda T\u00fcrkiye&#8217;nin madalya umudu olacak. Yaln\u0131zca erkeklerde de\u011fil, bayanlarda da iddial\u0131y\u0131z. Ritmik ve trampolin cimnastikte de olimpiyat kotas\u0131 kovalayaca\u011f\u0131z. T\u00fcrk cimnasti\u011fi \u00fclkemizin gururu olacak. B\u00fct\u00fcn \u00e7al\u0131\u015fmalar\u0131m\u0131z ve \u00e7abam\u0131z bu istikamette.&#8221;<\/strong> diye konu\u015ftu.\u00a0<\/p>\n<p> \u00c7elen, ulusal kadroya \u00e7ok say\u0131da gen\u00e7 sporcuyu da ald\u0131klar\u0131na dikkati \u00e7ekerek, <strong>&#8220;\u00d6zellikle erkek grubunda ikinci ekibimiz bile olimpiyata gitme \u00e7abas\u0131 verecek d\u00fczeyde. 10 y\u0131l evvel 5 sporcuyu bulmakta zorlan\u0131yorduk. T\u00fcrk cimnasti\u011finin gelece\u011fi bu noktada ayd\u0131nl\u0131k.&#8221;<\/strong> de\u011ferlendirmesinde bulundu.<\/p>\n<p> D\u00fcnyada birinci 12 kadronun olimpiyatlara gitmeyi ba\u015fard\u0131\u011f\u0131n\u0131 kaydeden \u00c7elen, <strong>&#8220;Antalya&#8217;da evvelki y\u0131l d\u00fczenlenen Gen\u00e7ler D\u00fcnya \u015eampiyonas\u0131&#8217;nda T\u00fcrkiye, birinci 10&#8217;dayd\u0131. Bu, gen\u00e7lerimizin ileride olimpiyatlara gitme amac\u0131 olaca\u011f\u0131n\u0131 g\u00f6steriyor. Asl\u0131nda bizim amac\u0131m\u0131z art\u0131k olimpiyatlara gitmek de\u011fil. Kat\u0131ld\u0131\u011f\u0131 her m\u00fcsabakada olimpiyatlar dahil madalya almak. Bunun i\u00e7in planlar\u0131m\u0131z\u0131 ve \u00e7al\u0131\u015fmalar\u0131m\u0131z\u0131 yap\u0131yoruz.&#8221;<\/strong> tabirlerini kulland\u0131.<\/p>\n","protected":false},"excerpt":{"rendered":"<p>Cimnastik Federasyonu Ba\u015fkan\u0131 Suat \u00c7elen, T\u00fcrk cimnasti\u011finin Los Angeles 2028 Olimpiyatlar\u0131&#8217;nda madalya umudu olaca\u011f\u0131n\u0131 vurgulad\u0131.<\/p>\n","protected":false},"author":1,"featured_media":34625,"comment_status":"open","ping_status":"open","sticky":false,"template":"","format":"standard","meta":{"footnotes":""},"categories":[27],"tags":[2683,2772,339,465,52],"class_list":["post-34624","post","type-post","status-publish","format-standard","has-post-thumbnail","hentry","category-guncel-haberler","tag-celen","tag-gitme","tag-madalya","tag-olimpiyat","tag-takim"],"_links":{"self":[{"href":"https:\/\/haberbesiktas.tr\/index.php?rest_route=\/wp\/v2\/posts\/34624","targetHints":{"allow":["GET"]}}],"collection":[{"href":"https:\/\/haberbesiktas.tr\/index.php?rest_route=\/wp\/v2\/posts"}],"about":[{"href":"https:\/\/haberbesiktas.tr\/index.php?rest_route=\/wp\/v2\/types\/post"}],"author":[{"embeddable":true,"href":"https:\/\/haberbesiktas.tr\/index.php?rest_route=\/wp\/v2\/users\/1"}],"replies":[{"embeddable":true,"href":"https:\/\/haberbesiktas.tr\/index.php?rest_route=%2Fwp%2Fv2%2Fcomments&post=34624"}],"version-history":[{"count":1,"href":"https:\/\/haberbesiktas.tr\/index.php?rest_route=\/wp\/v2\/posts\/34624\/revisions"}],"predecessor-version":[{"id":34626,"href":"https:\/\/haberbesiktas.tr\/index.php?rest_route=\/wp\/v2\/posts\/34624\/revisions\/34626"}],"wp:featuredmedia":[{"embeddable":true,"href":"https:\/\/haberbesiktas.tr\/index.php?rest_route=\/wp\/v2\/media\/34625"}],"wp:attachment":[{"href":"https:\/\/haberbesiktas.tr\/index.php?rest_route=%2Fwp%2Fv2%2Fmedia&parent=34624"}],"wp:term":[{"taxonomy":"category","embeddable":true,"href":"https:\/\/haberbesiktas.tr\/index.php?rest_route=%2Fwp%2Fv2%2Fcategories&post=34624"},{"taxonomy":"post_tag","embeddable":true,"href":"https:\/\/haberbesiktas.tr\/index.php?rest_route=%2Fwp%2Fv2%2Ftags&post=34624"}],"curies":[{"name":"wp","href":"https:\/\/api.w.org\/{rel}","templated":true}]}}