{"id":34627,"date":"2025-05-26T13:00:14","date_gmt":"2025-05-26T13:00:14","guid":{"rendered":"https:\/\/haberbesiktas.tr\/?p=34627"},"modified":"2025-05-26T13:00:14","modified_gmt":"2025-05-26T13:00:14","slug":"turk-motosikletciler-portekiz-ve-abdde-yarisacak","status":"publish","type":"post","link":"https:\/\/haberbesiktas.tr\/?p=34627","title":{"rendered":"T\u00fcrk motosiklet\u00e7iler, Portekiz ve ABD&#8217;de yar\u0131\u015facak"},"content":{"rendered":"<p>T\u00fcrk motosiklet\u00e7ilerden Toprak Razgatl\u0131o\u011flu, Bahattin Sofuo\u011flu ve Can \u00d6nc\u00fc, Portekiz&#8217;de, Deniz \u00d6nc\u00fc ise ABD&#8217;de piste \u00e7\u0131kacak.<\/p>\n<p> Superbike ve Supersport d\u00fcnya \u015fampiyonalar\u0131nda d\u00f6nemin 2. aya\u011f\u0131na, Portekiz&#8217;in Portimao kentindeki 4,6 kilometrelik Memleketler aras\u0131 Algarve Pisti mesken sahipli\u011fi yapacak.<\/p>\n<p> Genel klasman\u0131n 8. s\u0131ras\u0131ndaki Rokit BMW kadrosu pilotu Toprak ve son s\u0131ras\u0131nda yer alan Yamaha Motoxracing \u015fof\u00f6r\u00fc Bahattin, 29 Mart Cumartesi g\u00fcn\u00fc TS\u0130 14.00&#8217;te s\u0131ralama tipleri, TS\u0130 17.00&#8217;de birinci yar\u0131\u015fta gayret edecek.<\/p>\n<p> Superbike Portekiz aya\u011f\u0131ndaki superpole yar\u0131\u015f\u0131, 30 Mart Pazar g\u00fcn\u00fc TS\u0130 13.00, ikinci yar\u0131\u015f ise t\u0131pk\u0131 g\u00fcn TS\u0130 16.00&#8217;da ko\u015fulacak.<\/p>\n<p> Can&#8217;\u0131n Yamaha BLU CRU Evan Bros ekibi ismine gayret etti\u011fi Supersport&#8217;ta ise birinci yar\u0131\u015f, 29 Mart Cumartesi g\u00fcn\u00fc TS\u0130 15.35&#8217;te, ikinci yar\u0131\u015f da 30 Mart Pazar g\u00fcn\u00fc TS\u0130 14.35&#8217;te yap\u0131lacak.\u00a0<\/p>\n<p> <strong>&#8211; Deniz, Moto2&#8217;nin ABD etab\u0131nda ter d\u00f6kecek<\/strong><\/p>\n<p> Hafta sonu ayr\u0131yeten Moto2 D\u00fcnya \u015eampiyonas\u0131&#8217;n\u0131n ABD&#8217;deki 3. aya\u011f\u0131 da d\u00fczenlenecek. Teksas eyaletinin ba\u015f\u015fehri Austin&#8217;deki 5,5 kilometrelik Amerika Pisti&#8217;ndeki yar\u0131\u015fa, Red Bull KTM Ajo pilotu Deniz \u00d6nc\u00fc de kat\u0131lacak.<\/p>\n<p> S\u0131ralama tiplerinin 29 Mart Cumartesi g\u00fcn\u00fc TS\u0130 21.45&#8217;te ba\u015flayaca\u011f\u0131 yar\u0131\u015f\u0131n start\u0131, 30 Mart Pazar g\u00fcn\u00fc TS\u0130 20.15&#8217;te verilecek.<\/p>\n","protected":false},"excerpt":{"rendered":"<p>T\u00fcrk motosiklet\u00e7iler, hafta sonu Portekiz ve ABD&#8217;de yar\u0131\u015facak.<\/p>\n","protected":false},"author":1,"featured_media":34628,"comment_status":"open","ping_status":"open","sticky":false,"template":"","format":"standard","meta":{"footnotes":""},"categories":[27],"tags":[2206,88],"class_list":["post-34627","post","type-post","status-publish","format-standard","has-post-thumbnail","hentry","category-guncel-haberler","tag-mart","tag-yaris"],"_links":{"self":[{"href":"https:\/\/haberbesiktas.tr\/index.php?rest_route=\/wp\/v2\/posts\/34627","targetHints":{"allow":["GET"]}}],"collection":[{"href":"https:\/\/haberbesiktas.tr\/index.php?rest_route=\/wp\/v2\/posts"}],"about":[{"href":"https:\/\/haberbesiktas.tr\/index.php?rest_route=\/wp\/v2\/types\/post"}],"author":[{"embeddable":true,"href":"https:\/\/haberbesiktas.tr\/index.php?rest_route=\/wp\/v2\/users\/1"}],"replies":[{"embeddable":true,"href":"https:\/\/haberbesiktas.tr\/index.php?rest_route=%2Fwp%2Fv2%2Fcomments&post=34627"}],"version-history":[{"count":1,"href":"https:\/\/haberbesiktas.tr\/index.php?rest_route=\/wp\/v2\/posts\/34627\/revisions"}],"predecessor-version":[{"id":34629,"href":"https:\/\/haberbesiktas.tr\/index.php?rest_route=\/wp\/v2\/posts\/34627\/revisions\/34629"}],"wp:featuredmedia":[{"embeddable":true,"href":"https:\/\/haberbesiktas.tr\/index.php?rest_route=\/wp\/v2\/media\/34628"}],"wp:attachment":[{"href":"https:\/\/haberbesiktas.tr\/index.php?rest_route=%2Fwp%2Fv2%2Fmedia&parent=34627"}],"wp:term":[{"taxonomy":"category","embeddable":true,"href":"https:\/\/haberbesiktas.tr\/index.php?rest_route=%2Fwp%2Fv2%2Fcategories&post=34627"},{"taxonomy":"post_tag","embeddable":true,"href":"https:\/\/haberbesiktas.tr\/index.php?rest_route=%2Fwp%2Fv2%2Ftags&post=34627"}],"curies":[{"name":"wp","href":"https:\/\/api.w.org\/{rel}","templated":true}]}}