{"id":34646,"date":"2025-05-26T14:36:21","date_gmt":"2025-05-26T14:36:21","guid":{"rendered":"https:\/\/haberbesiktas.tr\/?p=34646"},"modified":"2025-05-26T14:36:21","modified_gmt":"2025-05-26T14:36:21","slug":"a-milli-kadin-futbol-takiminda-slovenya-maclari-kadrosu-aciklandi","status":"publish","type":"post","link":"https:\/\/haberbesiktas.tr\/?p=34646","title":{"rendered":"A Milli Kad\u0131n Futbol Tak\u0131m\u0131&#8217;nda Slovenya ma\u00e7lar\u0131 kadrosu a\u00e7\u0131kland\u0131"},"content":{"rendered":"<div>\n<p>UEFA Uluslar B Ligi 2. K\u00fcme&#8217;de gayret eden A Ulusal Bayan Kadrosu&#8217;nda Slovenya ma\u00e7lar\u0131n\u0131n tak\u0131m\u0131 belirli oldu.<\/p>\n<p> T\u00fcrkiye Futbol Federasyonundan yap\u0131lan a\u00e7\u0131klamaya nazaran, teknik y\u00f6netici Necla G\u00fcng\u00f6r K\u0131ragas\u0131 idaresindeki ay-y\u0131ld\u0131zl\u0131lar\u0131n tak\u0131m\u0131nda \u015fu isimler yer ald\u0131:<\/p>\n<p> Selda Akg\u00f6z, G\u00fclbin S\u00fcrat, Ba\u015fak \u0130\u00e7in\u00f6zbebek (Ankara B\u00fcy\u00fck\u015fehir Belediyesi Fomget G.S.K.), Ezgi \u00c7a\u011flar, Didem Karagen\u00e7, Kezban Ta\u011f, \u0130layda Civelek, Ece Tekmen, Meryem Cennet \u00c7al, Elif Keskin (Be\u015fikta\u015f JK United Payment Bayan Futbol Tak\u0131m\u0131), Gamze Par\u0131lt\u0131 Yaman, Eda Karata\u015f, Ebru Top\u00e7u, \u0130stek Karabulut (Galatasaray), Sejde Aylin Abrahamsson (Club Brugge), \u00d6m\u00fcr G\u00f6ksu, \u00dcmran \u00d6zev, Ece T\u00fcrko\u011flu, Busem \u015eeker (Fenerbah\u00e7e Petrol Ofisi Bayan Futbol Tak\u0131m\u0131), Miray Cin (Borussia M\u00f6nchengladbach), Melike \u00d6zt\u00fcrk (Fatih Vatan Spor), Mukadderat Han\u00e7ar (Beylerbeyi Spor Kul\u00fcb\u00fc), Melike Pekel (SKN St. P\u00f6lten), Birg\u00fcl Sad\u0131ko\u011flu (Sporting Club de Huelva)<\/p>\n<p> <strong>&#8211; Kamp program\u0131<\/strong><\/p>\n<p> A Ulusal Bayan Ekibi&#8217;nin, Slovenya ile deplasmanda ve Sivas&#8217;ta oynayaca\u011f\u0131 ma\u00e7lar\u0131n kamp program\u0131 a\u00e7\u0131kland\u0131.<\/p>\n<p> Ulusallar, 29 Mart Cumartesi g\u00fcn\u00fc \u0130stanbul&#8217;da toplanarak birebir g\u00fcn ak\u015fam Atat\u00fcrk Olimpiyat Stad\u0131&#8217;nda birinci idman\u0131n\u0131 yapacak. Ay-y\u0131ld\u0131zl\u0131lar, pazar g\u00fcn\u00fc de saat 17.00&#8217;de birebir statta ikinci idman\u0131n\u0131 ger\u00e7ekle\u015ftirecek. 31 Mart Pazartesi, 1 Nisan Sal\u0131 ve 2 Nisan \u00c7ar\u015famba g\u00fcn\u00fcn\u00fc Atat\u00fcrk Olimpiyat Stad\u0131&#8217;nda tek idmanla ge\u00e7irecek olan kafile, saat 18.00&#8217;de THY&#8217;ye ili\u015fkin u\u00e7akla Ljubljana&#8217;ya gidecek.\u00a0<\/p>\n<p> Ay-y\u0131ld\u0131zl\u0131lar, 3 Nisan Per\u015fembe g\u00fcn\u00fc mahall\u00ee saatle 15.30&#8217;da resmi idman\u0131n\u0131 ger\u00e7ekle\u015ftirecek ve 4 Nisan tarihinde TS\u0130 17.30&#8217;da Slovenya ile kar\u015f\u0131 kar\u015f\u0131ya gelecek\u00a0<\/p>\n<p> Ulusallar, sonraki sabah \u0130stanbul \u00fczerinden Sivas&#8217;a gidecek. Teknik heyet ve belirlenen oyuncular, 6 Nisan tarihinde saat 13.00&#8217;te Sivas Cumhuriyet \u00dcniversitesi&#8217;nde &#8220;T\u00fcrkiye&#8217;de Bayan Futbolunun Geli\u015fimi ve Sundu\u011fu F\u0131rsatlar&#8221; bahisli panele kat\u0131lacak. Grup, ak\u015fam saat 17.00&#8217;de g\u00fcn\u00fc tek idmanla noktalayacak. 7 Nisan&#8217;da teknik y\u00f6netici Necla G\u00fcng\u00f6r K\u0131ragas\u0131 ve bir ulusal oyuncu, saat 17.30&#8217;da bas\u0131n toplant\u0131s\u0131 d\u00fczenleyecek. Ulusallar, bas\u0131n toplant\u0131s\u0131n\u0131n akabinde saat 18.00&#8217;de Sivas 4 Eyl\u00fcl Stad\u0131&#8217;nda resmi idman\u0131n\u0131 ger\u00e7ekle\u015ftirip ma\u00e7 saatini beklemeye ba\u015flayacak.<\/p>\n<p> A Ulusal Bayan Futbol Kadrosu, 8 Nisan Sal\u0131 g\u00fcn\u00fc saat 19.00&#8217;da Sivas 4 Eyl\u00fcl Stadyumu&#8217;nda Slovenya&#8217;y\u0131 a\u011f\u0131rlayacak ve sonraki g\u00fcn kamp\u0131n\u0131 tamamlayacak.\u00a0<\/p>\n<p> Ay-y\u0131ld\u0131zl\u0131lar, 2. K\u00fcme ma\u00e7lar\u0131na 1-0&#8217;l\u0131k \u0130rlanda Cumhuriyeti yenilgisi ile ba\u015flam\u0131\u015f ve daha sonra Pendik Stad\u0131&#8217;nda a\u011f\u0131rlad\u0131\u011f\u0131 Yunanistan&#8217;\u0131 birebir skorla ma\u011flup etmi\u015fti.\u00a0<\/p>\n<\/div>\n<p><\/p>\n","protected":false},"excerpt":{"rendered":"<p>A Ulusal Bayan Futbol Grubu, UEFA Uluslar B Ligi&#8217;nde Slovenya ile oynayaca\u011f\u0131 kritik ma\u00e7lar \u00f6ncesi tak\u0131m\u0131n\u0131 ve kamp program\u0131n\u0131 a\u00e7\u0131klad\u0131.<\/p>\n","protected":false},"author":1,"featured_media":34647,"comment_status":"open","ping_status":"open","sticky":false,"template":"","format":"standard","meta":{"footnotes":""},"categories":[25],"tags":[246,270,1917,1344,241],"class_list":["post-34646","post","type-post","status-publish","format-standard","has-post-thumbnail","hentry","category-futbol","tag-kadin","tag-milli","tag-nisan","tag-saat","tag-tek"],"_links":{"self":[{"href":"https:\/\/haberbesiktas.tr\/index.php?rest_route=\/wp\/v2\/posts\/34646","targetHints":{"allow":["GET"]}}],"collection":[{"href":"https:\/\/haberbesiktas.tr\/index.php?rest_route=\/wp\/v2\/posts"}],"about":[{"href":"https:\/\/haberbesiktas.tr\/index.php?rest_route=\/wp\/v2\/types\/post"}],"author":[{"embeddable":true,"href":"https:\/\/haberbesiktas.tr\/index.php?rest_route=\/wp\/v2\/users\/1"}],"replies":[{"embeddable":true,"href":"https:\/\/haberbesiktas.tr\/index.php?rest_route=%2Fwp%2Fv2%2Fcomments&post=34646"}],"version-history":[{"count":1,"href":"https:\/\/haberbesiktas.tr\/index.php?rest_route=\/wp\/v2\/posts\/34646\/revisions"}],"predecessor-version":[{"id":34648,"href":"https:\/\/haberbesiktas.tr\/index.php?rest_route=\/wp\/v2\/posts\/34646\/revisions\/34648"}],"wp:featuredmedia":[{"embeddable":true,"href":"https:\/\/haberbesiktas.tr\/index.php?rest_route=\/wp\/v2\/media\/34647"}],"wp:attachment":[{"href":"https:\/\/haberbesiktas.tr\/index.php?rest_route=%2Fwp%2Fv2%2Fmedia&parent=34646"}],"wp:term":[{"taxonomy":"category","embeddable":true,"href":"https:\/\/haberbesiktas.tr\/index.php?rest_route=%2Fwp%2Fv2%2Fcategories&post=34646"},{"taxonomy":"post_tag","embeddable":true,"href":"https:\/\/haberbesiktas.tr\/index.php?rest_route=%2Fwp%2Fv2%2Ftags&post=34646"}],"curies":[{"name":"wp","href":"https:\/\/api.w.org\/{rel}","templated":true}]}}