{"id":3465,"date":"2025-01-14T03:00:28","date_gmt":"2025-01-14T03:00:28","guid":{"rendered":"https:\/\/haberbesiktas.tr\/?p=3465"},"modified":"2025-01-14T03:00:28","modified_gmt":"2025-01-14T03:00:28","slug":"barcelona-eski-baskanindan-olay-yaratacak-itiraf","status":"publish","type":"post","link":"https:\/\/haberbesiktas.tr\/?p=3465","title":{"rendered":"Barcelona eski ba\u015fkan\u0131ndan olay yaratacak itiraf"},"content":{"rendered":"<div>Barcelona&#8217;n\u0131n eski ba\u015fkan\u0131 Joan Gaspart, Athletic Bilbao ile ilgili \u00e7ok konu\u015fulacak kelamlar sarf etti.<\/p>\n<p>Athletic Bilbao&#8217;nun y\u0131llar \u00f6nce ligde kalma sava\u015f\u0131 verdi\u011fi bir y\u0131la de\u011finen Gaspart, <strong>&#8220;<\/strong><span><strong>Y\u0131llar evvel Athletic Bilbao k\u00fcme d\u00fc\u015fmek \u00fczereydi lakin mucizevi \u015fekilde ligde kalmay\u0131 ba\u015fard\u0131lar. O g\u00fcnlerde neler oldu, bu s\u0131rr\u0131 mezara kadar yan\u0131mda g\u00f6t\u00fcrece\u011fim.&#8221;<\/strong> s\u00f6zlerini kulland\u0131.<\/p>\n<p>Gaspart, Barcelona ba\u015fkanl\u0131\u011f\u0131n\u0131n yan\u0131 s\u0131ra ge\u00e7mi\u015fte \u0130spanya Futbol Federasyonu lider yard\u0131mc\u0131l\u0131\u011f\u0131n\u0131 da yapm\u0131\u015ft\u0131.<\/span><\/div>\n","protected":false},"excerpt":{"rendered":"<p>Barcelona&#8217;n\u0131n eski ba\u015fkan\u0131 Joan Gaspart, Athletic Bilbao ile ilgili \u00e7ok konu\u015fulacak kelamlar sarf etti.<\/p>\n","protected":false},"author":1,"featured_media":3466,"comment_status":"open","ping_status":"open","sticky":false,"template":"","format":"standard","meta":{"footnotes":""},"categories":[25],"tags":[],"class_list":["post-3465","post","type-post","status-publish","format-standard","has-post-thumbnail","hentry","category-futbol"],"_links":{"self":[{"href":"https:\/\/haberbesiktas.tr\/index.php?rest_route=\/wp\/v2\/posts\/3465","targetHints":{"allow":["GET"]}}],"collection":[{"href":"https:\/\/haberbesiktas.tr\/index.php?rest_route=\/wp\/v2\/posts"}],"about":[{"href":"https:\/\/haberbesiktas.tr\/index.php?rest_route=\/wp\/v2\/types\/post"}],"author":[{"embeddable":true,"href":"https:\/\/haberbesiktas.tr\/index.php?rest_route=\/wp\/v2\/users\/1"}],"replies":[{"embeddable":true,"href":"https:\/\/haberbesiktas.tr\/index.php?rest_route=%2Fwp%2Fv2%2Fcomments&post=3465"}],"version-history":[{"count":1,"href":"https:\/\/haberbesiktas.tr\/index.php?rest_route=\/wp\/v2\/posts\/3465\/revisions"}],"predecessor-version":[{"id":3467,"href":"https:\/\/haberbesiktas.tr\/index.php?rest_route=\/wp\/v2\/posts\/3465\/revisions\/3467"}],"wp:featuredmedia":[{"embeddable":true,"href":"https:\/\/haberbesiktas.tr\/index.php?rest_route=\/wp\/v2\/media\/3466"}],"wp:attachment":[{"href":"https:\/\/haberbesiktas.tr\/index.php?rest_route=%2Fwp%2Fv2%2Fmedia&parent=3465"}],"wp:term":[{"taxonomy":"category","embeddable":true,"href":"https:\/\/haberbesiktas.tr\/index.php?rest_route=%2Fwp%2Fv2%2Fcategories&post=3465"},{"taxonomy":"post_tag","embeddable":true,"href":"https:\/\/haberbesiktas.tr\/index.php?rest_route=%2Fwp%2Fv2%2Ftags&post=3465"}],"curies":[{"name":"wp","href":"https:\/\/api.w.org\/{rel}","templated":true}]}}