{"id":34751,"date":"2025-05-26T21:36:22","date_gmt":"2025-05-26T21:36:22","guid":{"rendered":"https:\/\/haberbesiktas.tr\/?p=34751"},"modified":"2025-05-26T21:36:22","modified_gmt":"2025-05-26T21:36:22","slug":"jan-vertonghen-futbolu-birakacagini-acikladi","status":"publish","type":"post","link":"https:\/\/haberbesiktas.tr\/?p=34751","title":{"rendered":"Jan Vertonghen, futbolu b\u0131rakaca\u011f\u0131n\u0131 a\u00e7\u0131klad\u0131"},"content":{"rendered":"<div>Anderlecht formas\u0131 giyen Bel\u00e7ikal\u0131 futbolcu Jan Vertonghen, d\u00f6nem sonunda emekli olaca\u011f\u0131n\u0131 a\u00e7\u0131klad\u0131. <\/p>\n<p>37 ya\u015f\u0131ndaki tecr\u00fcbeli stoper, son vakitlerde ayak bilekleri ve A\u015fil tendonlar\u0131ndan \u00e7ok fazla ac\u0131 \u00e7ekti\u011fini belirten futbolcu,\u00a0<strong>&#8216;Kenarda ge\u00e7irdi\u011fim t\u00fcm bu aylar boyunca d\u00fc\u015f\u00fcnmek i\u00e7in vaktim oldu. K\u0131sa m\u00fcddette, istedi\u011fim d\u00fczeyde bir y\u0131l daha oynayamayaca\u011f\u0131m sonucuna vard\u0131m. Daima ayak bile\u011fi a\u011fr\u0131s\u0131 \u00e7ekiyorum, bu y\u00fczden karar vermek benim i\u00e7in epey kolayd\u0131.&#8217; <\/strong>ifadelerini kulland\u0131.<br \/><strong><br \/>&#8220;ON UZMANA G\u0130TT\u0130M&#8221;<\/strong><\/p>\n<p>A\u011fr\u0131lar\u0131 i\u00e7in bir\u00e7ok tahlil arad\u0131\u011f\u0131n\u0131 s\u00f6yleyen y\u0131ld\u0131z futbolcu, \u015fu s\u00f6zleri kulland\u0131,<strong>\u00a0&#8216;Bu y\u0131l a\u011fr\u0131n\u0131n ge\u00e7ece\u011fine dair bana teminat veren yakla\u015f\u0131k on uzmana gittim. Lakin a\u011fr\u0131m g\u00fcnl\u00fck hale geldi ve yaln\u0131zca stadyum merdivenlerini \u00e7\u0131kmak bile ac\u0131 veriyor. Oynayabilmem i\u00e7in \u00e7ok uzun m\u00fcddet \u0131s\u0131nmam gerekiyor. A\u011fr\u0131 kesici al\u0131yorum ve birka\u00e7 enjeksiyon yapt\u0131rd\u0131m, fakat bu cins \u015fok tedavilerin hayran\u0131 de\u011filim. A\u011fr\u0131 kesicilere ba\u011f\u0131ml\u0131 olmak istemiyorum&#8217;<\/strong> dedi.<\/p>\n<p><strong>&#8220;SEZONUN ORTASINDA BIRAKMAYI D\u00dc\u015e\u00dcND\u00dcM&#8221;<\/strong><\/p>\n<p>Bu karar\u0131 uzun m\u00fcddet d\u00fc\u015f\u00fcnd\u00fc\u011f\u00fcn\u00fcn belirten Vertonghen,\u00a0<strong>&#8216;Bu karar bug\u00fcn al\u0131nmad\u0131. \u00c7ok s\u0131k\u0131nt\u0131 vakitler ge\u00e7irdim ve hatta d\u00f6nemin ortas\u0131nda futbolu b\u0131rakmay\u0131 bile d\u00fc\u015f\u00fcnd\u00fcm. Fakat kendime ula\u015f\u0131labilir orta maksatlar koymay\u0131 ba\u015fard\u0131m: Noel periyodu, play-off&#8217;lar&#8230; Hala uygun bir d\u00fczeyde performans g\u00f6sterebilece\u011fimi hissediyorum fakat her \u00fc\u00e7 g\u00fcnde bir g\u00f6steremem&#8217;\u00a0<\/strong>dedi.<\/p>\n<p><strong>&#8220;ANTREN\u00d6RL\u00dcK D\u00dc\u015e\u00dcNM\u00dcYORUM&#8221;<\/p>\n<p><\/strong>Kariyeri sonras\u0131 asla antren\u00f6r olmayaca\u011f\u0131n\u0131 s\u00f6yleyen futbolcu,\u00a0<strong>&#8216;Lisans\u0131m\u0131 ald\u0131m fakat bu bana nazaran bir \u015fey de\u011fil. Aile hayat\u0131 ile tam vakitli bir antren\u00f6rl\u00fck ortas\u0131nda bir istikrar kurman\u0131n imkans\u0131z oldu\u011funu d\u00fc\u015f\u00fcn\u00fcyorum.&#8217;<\/strong> s\u00f6zlerini kulland\u0131.<\/p>\n<p><strong>FUTBOLCUNUN KAR\u0130YER\u0130<\/p>\n<p><\/strong>Tottenham ve Ajax&#8217;ta uzun y\u0131llar top ko\u015fturmu\u015f ve b\u00fcy\u00fck izler b\u0131rakm\u0131\u015f y\u0131ld\u0131z stoper, mesle\u011finde 4 kupa kazand\u0131. Bu 4 kupan\u0131n hepsinin Ajax&#8217;ta top ko\u015fturdu\u011fu y\u0131llarda kald\u0131rd\u0131. Mesle\u011finde toplam 723 ma\u00e7ta forma giyen deneyimli defans, 53 gol 22 asist kaydetti.<\/div>\n<p><\/p>\n","protected":false},"excerpt":{"rendered":"<p>Anderlecht formas\u0131 giyen Jan Vertonghen, d\u00f6nem sonunda futbol mesle\u011fini sonland\u0131raca\u011f\u0131n\u0131 a\u00e7\u0131klad\u0131.<\/p>\n","protected":false},"author":1,"featured_media":34752,"comment_status":"open","ping_status":"open","sticky":false,"template":"","format":"standard","meta":{"footnotes":""},"categories":[25],"tags":[1438,485],"class_list":["post-34751","post","type-post","status-publish","format-standard","has-post-thumbnail","hentry","category-futbol","tag-agri","tag-futbolcu"],"_links":{"self":[{"href":"https:\/\/haberbesiktas.tr\/index.php?rest_route=\/wp\/v2\/posts\/34751","targetHints":{"allow":["GET"]}}],"collection":[{"href":"https:\/\/haberbesiktas.tr\/index.php?rest_route=\/wp\/v2\/posts"}],"about":[{"href":"https:\/\/haberbesiktas.tr\/index.php?rest_route=\/wp\/v2\/types\/post"}],"author":[{"embeddable":true,"href":"https:\/\/haberbesiktas.tr\/index.php?rest_route=\/wp\/v2\/users\/1"}],"replies":[{"embeddable":true,"href":"https:\/\/haberbesiktas.tr\/index.php?rest_route=%2Fwp%2Fv2%2Fcomments&post=34751"}],"version-history":[{"count":1,"href":"https:\/\/haberbesiktas.tr\/index.php?rest_route=\/wp\/v2\/posts\/34751\/revisions"}],"predecessor-version":[{"id":34753,"href":"https:\/\/haberbesiktas.tr\/index.php?rest_route=\/wp\/v2\/posts\/34751\/revisions\/34753"}],"wp:featuredmedia":[{"embeddable":true,"href":"https:\/\/haberbesiktas.tr\/index.php?rest_route=\/wp\/v2\/media\/34752"}],"wp:attachment":[{"href":"https:\/\/haberbesiktas.tr\/index.php?rest_route=%2Fwp%2Fv2%2Fmedia&parent=34751"}],"wp:term":[{"taxonomy":"category","embeddable":true,"href":"https:\/\/haberbesiktas.tr\/index.php?rest_route=%2Fwp%2Fv2%2Fcategories&post=34751"},{"taxonomy":"post_tag","embeddable":true,"href":"https:\/\/haberbesiktas.tr\/index.php?rest_route=%2Fwp%2Fv2%2Ftags&post=34751"}],"curies":[{"name":"wp","href":"https:\/\/api.w.org\/{rel}","templated":true}]}}