{"id":34754,"date":"2025-05-26T21:48:18","date_gmt":"2025-05-26T21:48:18","guid":{"rendered":"https:\/\/haberbesiktas.tr\/?p=34754"},"modified":"2025-05-26T21:48:18","modified_gmt":"2025-05-26T21:48:18","slug":"anadolu-efes-kocu-luca-banchi-daha-iyi-olabiliriz","status":"publish","type":"post","link":"https:\/\/haberbesiktas.tr\/?p=34754","title":{"rendered":"Anadolu Efes ko\u00e7u Luca Banchi: &#8220;Daha iyi olabiliriz&#8221;"},"content":{"rendered":"<div>THY Euroleague 31. haftas\u0131nda \u0130spanya&#8217;n\u0131n Baskonia tak\u0131m\u0131n\u0131 92-76 ma\u011flup eden Anadolu Efes&#8217;te ba\u015fantren\u00f6r Luca Banchi, \u00e7ift ma\u00e7 haftas\u0131na galibiyetle ba\u015flaman\u0131n de\u011ferli oldu\u011funu s\u00f6yledi.<\/p>\n<p> Ma\u00e7\u0131n akabinde d\u00fczenlenen bas\u0131n toplant\u0131s\u0131nda konu\u015fan Banchi, <strong>&#8220;Bizim a\u00e7\u0131m\u0131zdan k\u0131ymetli bir galibiyetti. \u00c7ift ma\u00e7 haftas\u0131na galibiyetle ba\u015flamak k\u0131ymetliydi. Toparlanacak \u00e7ok fazla vaktimiz yok. \u00d6n\u00fcm\u00fczdeki ma\u00e7a odaklanmak gerekiyor. De\u011ferli bir gayret ortaya koyuyoruz. Umar\u0131m bu eforun benzerini Maccabi ma\u00e7\u0131nda da yans\u0131t\u0131r\u0131z. \u0130ki istekli ekibin u\u011fra\u015f\u0131n\u0131 izledik. Birinci 20 dakikada rakibimizin \u00e7abas\u0131 vard\u0131. \u0130kinci yar\u0131da bu u\u011fra\u015f\u0131n\u0131 ortaya koymay\u0131 s\u00fcrd\u00fcrd\u00fc. \u00dc\u00e7\u00fcnc\u00fc \u00e7eyrekte geri d\u00f6nd\u00fcler ve \u00f6ne ge\u00e7meyi ba\u015fard\u0131lar. Son 15 dakikada en d\u00fczg\u00fcn basketbolumuzu hem atakta hem savunmada alana yans\u0131tt\u0131k. Rotasyonumuzun kalitesini de g\u00f6sterdik. Topu \u00e7ok yeterli dola\u015ft\u0131rarak \u00e7ok g\u00fczel hamle ettik.&#8221;<\/strong> de\u011ferlendirmesinde bulundu.<\/p>\n<p> Banchi play-off&#8217;la ilgili olarak ise <strong>&#8220;Son 4-5 ma\u00e7t\u0131r bu hava i\u00e7indeyiz. Son devirde oynad\u0131\u011f\u0131m\u0131z ma\u00e7lar\u0131n hepsinin final niteli\u011finde oldu\u011funun \u015fuurunday\u0131z. Bize d\u00fc\u015fen s\u0131ralamada nerede oldu\u011fumuza bakmaks\u0131z\u0131n gayretimizi s\u00fcrd\u00fcrmek.&#8221;<\/strong> dedi.<\/p>\n<\/div>\n<p><\/p>\n","protected":false},"excerpt":{"rendered":"<p>Anadolu Efes&#8217;in Euroleague&#8217;de Baskonia&#8217;y\u0131 92-76 ma\u011flup etti\u011fi ma\u00e7\u0131n akabinde ko\u00e7 Luca Banchi konu\u015ftu.<\/p>\n","protected":false},"author":1,"featured_media":34755,"comment_status":"open","ping_status":"open","sticky":false,"template":"","format":"standard","meta":{"footnotes":""},"categories":[10],"tags":[50,601],"class_list":["post-34754","post","type-post","status-publish","format-standard","has-post-thumbnail","hentry","category-basketbol","tag-mac","tag-mucadele"],"_links":{"self":[{"href":"https:\/\/haberbesiktas.tr\/index.php?rest_route=\/wp\/v2\/posts\/34754","targetHints":{"allow":["GET"]}}],"collection":[{"href":"https:\/\/haberbesiktas.tr\/index.php?rest_route=\/wp\/v2\/posts"}],"about":[{"href":"https:\/\/haberbesiktas.tr\/index.php?rest_route=\/wp\/v2\/types\/post"}],"author":[{"embeddable":true,"href":"https:\/\/haberbesiktas.tr\/index.php?rest_route=\/wp\/v2\/users\/1"}],"replies":[{"embeddable":true,"href":"https:\/\/haberbesiktas.tr\/index.php?rest_route=%2Fwp%2Fv2%2Fcomments&post=34754"}],"version-history":[{"count":1,"href":"https:\/\/haberbesiktas.tr\/index.php?rest_route=\/wp\/v2\/posts\/34754\/revisions"}],"predecessor-version":[{"id":34756,"href":"https:\/\/haberbesiktas.tr\/index.php?rest_route=\/wp\/v2\/posts\/34754\/revisions\/34756"}],"wp:featuredmedia":[{"embeddable":true,"href":"https:\/\/haberbesiktas.tr\/index.php?rest_route=\/wp\/v2\/media\/34755"}],"wp:attachment":[{"href":"https:\/\/haberbesiktas.tr\/index.php?rest_route=%2Fwp%2Fv2%2Fmedia&parent=34754"}],"wp:term":[{"taxonomy":"category","embeddable":true,"href":"https:\/\/haberbesiktas.tr\/index.php?rest_route=%2Fwp%2Fv2%2Fcategories&post=34754"},{"taxonomy":"post_tag","embeddable":true,"href":"https:\/\/haberbesiktas.tr\/index.php?rest_route=%2Fwp%2Fv2%2Ftags&post=34754"}],"curies":[{"name":"wp","href":"https:\/\/api.w.org\/{rel}","templated":true}]}}