{"id":34757,"date":"2025-05-26T22:00:15","date_gmt":"2025-05-26T22:00:15","guid":{"rendered":"https:\/\/haberbesiktas.tr\/?p=34757"},"modified":"2025-05-26T22:00:15","modified_gmt":"2025-05-26T22:00:15","slug":"pablo-laso-anadolu-efes-hak-etti","status":"publish","type":"post","link":"https:\/\/haberbesiktas.tr\/?p=34757","title":{"rendered":"Pablo Laso: &#8220;Anadolu Efes hak etti&#8221;"},"content":{"rendered":"<div>Anadolu Efes&#8217;in Euroleague&#8217;de alan\u0131nda konuk etti\u011fi Baskonia&#8217;y\u0131 92-76 ma\u011flup etti\u011fi u\u011fra\u015f\u0131n akabinde Baskonia Ba\u015fantren\u00f6r\u00fc Pablo Laso a\u00e7\u0131klamalarda bulundu.<\/p>\n<p><strong>&#8220;ANADOLU EFES HAK ETT\u0130&#8221;<\/strong><\/p>\n<p> \u00c7abay\u0131 k\u0131ymetlendiren Laso,<strong> &#8220;Anadolu Efes&#8217;i tebrik ediyorum. Efes i\u00e7in hak edilmi\u015f bir galibiyetti. Son \u00e7eyrekte g\u00fc\u00e7leri bizden fazlayd\u0131. Atak ribauntlar\u0131n\u0131 kaybetmemiz d\u0131\u015f\u0131nda d\u00fczg\u00fcn oynad\u0131\u011f\u0131m\u0131z\u0131 d\u00fc\u015f\u00fcn\u00fcyorum. Efes \u00fczere bir kadro kar\u015f\u0131s\u0131nda galibiyet alamad\u0131k. \u00dc\u00e7l\u00fckleri \u00e7ok d\u00fczg\u00fcnd\u00fc. Efes&#8217;e bundan sonraki ma\u00e7lar\u0131nda muvaffakiyetler diliyorum. Ribauntlar bu oyunda \u00e7ok k\u0131ymetliydi zira kar\u015f\u0131 tarafta e\u015fle\u015fmesi s\u0131k\u0131nt\u0131 oyuncular vard\u0131. Atak ribauntlar\u0131n\u0131 al\u0131p kolay kolay talih buldular.&#8221; <\/strong>ifadelerini kulland\u0131.<\/p>\n<\/div>\n<p><\/p>\n","protected":false},"excerpt":{"rendered":"<p>Anadolu Efes&#8217;in Euroleague&#8217;de Baskonia&#8217;y\u0131 92-76 ma\u011flup etti\u011fi m\u00fcsabakan\u0131n akabinde Baskonia ko\u00e7u Pablo Laso, a\u00e7\u0131klamalarda bulundu.<\/p>\n","protected":false},"author":1,"featured_media":34758,"comment_status":"open","ping_status":"open","sticky":false,"template":"","format":"standard","meta":{"footnotes":""},"categories":[10],"tags":[2778],"class_list":["post-34757","post","type-post","status-publish","format-standard","has-post-thumbnail","hentry","category-basketbol","tag-efes"],"_links":{"self":[{"href":"https:\/\/haberbesiktas.tr\/index.php?rest_route=\/wp\/v2\/posts\/34757","targetHints":{"allow":["GET"]}}],"collection":[{"href":"https:\/\/haberbesiktas.tr\/index.php?rest_route=\/wp\/v2\/posts"}],"about":[{"href":"https:\/\/haberbesiktas.tr\/index.php?rest_route=\/wp\/v2\/types\/post"}],"author":[{"embeddable":true,"href":"https:\/\/haberbesiktas.tr\/index.php?rest_route=\/wp\/v2\/users\/1"}],"replies":[{"embeddable":true,"href":"https:\/\/haberbesiktas.tr\/index.php?rest_route=%2Fwp%2Fv2%2Fcomments&post=34757"}],"version-history":[{"count":1,"href":"https:\/\/haberbesiktas.tr\/index.php?rest_route=\/wp\/v2\/posts\/34757\/revisions"}],"predecessor-version":[{"id":34759,"href":"https:\/\/haberbesiktas.tr\/index.php?rest_route=\/wp\/v2\/posts\/34757\/revisions\/34759"}],"wp:featuredmedia":[{"embeddable":true,"href":"https:\/\/haberbesiktas.tr\/index.php?rest_route=\/wp\/v2\/media\/34758"}],"wp:attachment":[{"href":"https:\/\/haberbesiktas.tr\/index.php?rest_route=%2Fwp%2Fv2%2Fmedia&parent=34757"}],"wp:term":[{"taxonomy":"category","embeddable":true,"href":"https:\/\/haberbesiktas.tr\/index.php?rest_route=%2Fwp%2Fv2%2Fcategories&post=34757"},{"taxonomy":"post_tag","embeddable":true,"href":"https:\/\/haberbesiktas.tr\/index.php?rest_route=%2Fwp%2Fv2%2Ftags&post=34757"}],"curies":[{"name":"wp","href":"https:\/\/api.w.org\/{rel}","templated":true}]}}