{"id":34760,"date":"2025-05-26T22:12:21","date_gmt":"2025-05-26T22:12:21","guid":{"rendered":"https:\/\/haberbesiktas.tr\/?p=34760"},"modified":"2025-05-26T22:12:21","modified_gmt":"2025-05-26T22:12:21","slug":"arda-guler-fc-25de-haftanin-takiminda","status":"publish","type":"post","link":"https:\/\/haberbesiktas.tr\/?p=34760","title":{"rendered":"Arda G\u00fcler, FC 25&#8217;de haftan\u0131n tak\u0131m\u0131nda!"},"content":{"rendered":"<div>A Ulusal Tak\u0131m\u0131m\u0131z, Uluslar Ligi play-off r\u00f6van\u015f ma\u00e7\u0131nda deplasmanda Macaristan&#8217;\u0131 3-0 ma\u011flup ederek A Ligi&#8217;ne y\u00fckseldi. U\u011fra\u015f\u0131n ikinci gol\u00fcn\u00fc atan Arda G\u00fcler, performans\u0131yla ma\u00e7\u0131n y\u0131ld\u0131zlar\u0131ndan biri oldu.<\/p>\n<p><strong>FC 25&#8217;DE HAFTANIN TAKIMINDA!<\/strong><\/p>\n<p>Arda G\u00fcler, Macaristan kar\u015f\u0131s\u0131nda g\u00f6sterdi\u011fi eksiksiz performans ile FC 25 Ultimate Team modunda haftan\u0131n grubuna se\u00e7ildi.<\/p>\n<p><strong>M\u0130LL\u0130 KADRODA 4. GOL\u00dc<\/strong><\/p>\n<p>A Ulusal Kadro&#8217;da 19 kere forma giyen 20 ya\u015f\u0131ndaki futbolcu, bu s\u00fcre\u00e7te 4 gol ve 3 asist \u00fcretti.\u00a0<\/p>\n<p><\/div>\n<p><\/p>\n","protected":false},"excerpt":{"rendered":"<p>A Ulusal Kadromuzun, Macaristan&#8217;\u0131 deplasmanda 3-0 yendi\u011fi ma\u00e7ta sergiledi\u011fi performansla g\u00f6z dolduran Arda G\u00fcler, FC 25 Ultimate Team modunda haftan\u0131n ekibine se\u00e7ildi.<\/p>\n","protected":false},"author":1,"featured_media":34761,"comment_status":"open","ping_status":"open","sticky":false,"template":"","format":"standard","meta":{"footnotes":""},"categories":[25],"tags":[],"class_list":["post-34760","post","type-post","status-publish","format-standard","has-post-thumbnail","hentry","category-futbol"],"_links":{"self":[{"href":"https:\/\/haberbesiktas.tr\/index.php?rest_route=\/wp\/v2\/posts\/34760","targetHints":{"allow":["GET"]}}],"collection":[{"href":"https:\/\/haberbesiktas.tr\/index.php?rest_route=\/wp\/v2\/posts"}],"about":[{"href":"https:\/\/haberbesiktas.tr\/index.php?rest_route=\/wp\/v2\/types\/post"}],"author":[{"embeddable":true,"href":"https:\/\/haberbesiktas.tr\/index.php?rest_route=\/wp\/v2\/users\/1"}],"replies":[{"embeddable":true,"href":"https:\/\/haberbesiktas.tr\/index.php?rest_route=%2Fwp%2Fv2%2Fcomments&post=34760"}],"version-history":[{"count":1,"href":"https:\/\/haberbesiktas.tr\/index.php?rest_route=\/wp\/v2\/posts\/34760\/revisions"}],"predecessor-version":[{"id":34762,"href":"https:\/\/haberbesiktas.tr\/index.php?rest_route=\/wp\/v2\/posts\/34760\/revisions\/34762"}],"wp:featuredmedia":[{"embeddable":true,"href":"https:\/\/haberbesiktas.tr\/index.php?rest_route=\/wp\/v2\/media\/34761"}],"wp:attachment":[{"href":"https:\/\/haberbesiktas.tr\/index.php?rest_route=%2Fwp%2Fv2%2Fmedia&parent=34760"}],"wp:term":[{"taxonomy":"category","embeddable":true,"href":"https:\/\/haberbesiktas.tr\/index.php?rest_route=%2Fwp%2Fv2%2Fcategories&post=34760"},{"taxonomy":"post_tag","embeddable":true,"href":"https:\/\/haberbesiktas.tr\/index.php?rest_route=%2Fwp%2Fv2%2Ftags&post=34760"}],"curies":[{"name":"wp","href":"https:\/\/api.w.org\/{rel}","templated":true}]}}