{"id":34763,"date":"2025-05-26T22:24:25","date_gmt":"2025-05-26T22:24:25","guid":{"rendered":"https:\/\/haberbesiktas.tr\/?p=34763"},"modified":"2025-05-26T22:24:25","modified_gmt":"2025-05-26T22:24:25","slug":"abdulkadir-omur-ahmet-agaogluna-yalvarirdim","status":"publish","type":"post","link":"https:\/\/haberbesiktas.tr\/?p=34763","title":{"rendered":"Abd\u00fclkadir \u00d6m\u00fcr: &#8220;Ahmet A\u011fao\u011flu&#8217;na yalvar\u0131rd\u0131m&#8221;"},"content":{"rendered":"<div>Trabzonspor altyap\u0131s\u0131ndan yeti\u015fip A Ulusal Kadro&#8217;ya kadar y\u00fckselen ve \u015fu an \u00c7aykur Rizespor formas\u0131 giyen Abd\u00fclkadir \u00d6m\u00fcr, dikkat \u00e7eken a\u00e7\u0131klamalarda bulundu.<\/p>\n<p><strong>&#8220;AHMET A\u011eAO\u011eLU&#8217;NA YALVARIRDIM&#8221;<\/strong><\/p>\n<p> Ge\u00e7mi\u015fe dair pi\u015fmanl\u0131\u011f\u0131n\u0131 TRT Spor&#8217;a lisana getiren \u00d6m\u00fcr, Trabzonspor&#8217;da forma giydi\u011fi periyotta Manchester City&#8217;den gelen transfer teklifini hat\u0131rlatarak, <strong>&#8220;Ahmet A\u011fao\u011flu&#8217;na \u00e7ok rica ettim, teklif reddedilemeyecek boyutta oldu\u011fu i\u00e7in kolayl\u0131k istedim. Geriye d\u00f6nebilseydim beni b\u0131raks\u0131nlar diye a\u011flard\u0131m, yalvar\u0131rd\u0131m. Zira o tekliften sonra mesle\u011fim, bilhassa sakatl\u0131klar a\u00e7\u0131s\u0131ndan d\u00fc\u015f\u00fc\u015fe ge\u00e7ti.&#8221;<\/strong> dedi.<\/p>\n<p> <strong>&#8220;\u00c7OCUKLUK HAYAL\u0130M\u0130 GER\u00c7EKLE\u015eT\u0130RD\u0130M LAK\u0130N&#8230;&#8221;<\/strong><\/p>\n<p> Trabzonspor&#8217;da k\u0131ymetli ba\u015far\u0131lara imza att\u0131\u011f\u0131n\u0131 vurgulayan gen\u00e7 futbolcu, <strong>&#8220;\u00c7ocukluk hayalimi ger\u00e7ekle\u015ftirdim, Trabzonspor formas\u0131yla b\u00fcy\u00fck zaferler ya\u015fad\u0131m. Lakin o f\u0131rsat ka\u00e7t\u0131ktan sonra i\u015fler benim ad\u0131ma biraz zorla\u015ft\u0131.&#8221;<\/strong> tabirlerini kulland\u0131.<\/p>\n<p> <strong>&#8220;CHAMPIONSHIP, BEKLED\u0130\u011e\u0130M\u0130N \u00c7OK \u00dcST\u00dcNDE&#8221;<\/strong><\/p>\n<p> \u0130ngiltere&#8217;de ge\u00e7irdi\u011fi periyoda de de\u011finen Abd\u00fclkadir \u00d6m\u00fcr, Championship&#8217;in bekledi\u011finden \u00e7ok daha zorlu bir lig oldu\u011funu s\u00f6yledi. \u00d6m\u00fcr, mevzuyla ilgili <strong>&#8220;Genel olarak bakt\u0131\u011f\u0131n\u0131zda fizik\u00ee g\u00fcc\u00fcn \u00e7ok \u00f6n planda oldu\u011fu bir lig. K\u0131saysan\u0131z ya da fizik\u00ee olarak g\u00fc\u00e7s\u00fczseniz ezilebiliyorsunuz. \u0130kili u\u011fra\u015flar\u0131n futbolun \u00f6n\u00fcne ge\u00e7ti\u011fi bir ortam var. Lakin futbolseverler i\u00e7in izlenmeye k\u0131ymet, tempo dolu bir lig.&#8221;<\/strong> a\u00e7\u0131klamas\u0131nda bulundu.<\/p>\n<\/div>\n<p><\/p>\n","protected":false},"excerpt":{"rendered":"<p>\u00c7aykur Rizespor formas\u0131 giyen Abd\u00fclkadir \u00d6m\u00fcr, TRT Spor&#8217;a fla\u015f a\u00e7\u0131klamalarda bulundu.<\/p>\n","protected":false},"author":1,"featured_media":34764,"comment_status":"open","ping_status":"open","sticky":false,"template":"","format":"standard","meta":{"footnotes":""},"categories":[25],"tags":[],"class_list":["post-34763","post","type-post","status-publish","format-standard","has-post-thumbnail","hentry","category-futbol"],"_links":{"self":[{"href":"https:\/\/haberbesiktas.tr\/index.php?rest_route=\/wp\/v2\/posts\/34763","targetHints":{"allow":["GET"]}}],"collection":[{"href":"https:\/\/haberbesiktas.tr\/index.php?rest_route=\/wp\/v2\/posts"}],"about":[{"href":"https:\/\/haberbesiktas.tr\/index.php?rest_route=\/wp\/v2\/types\/post"}],"author":[{"embeddable":true,"href":"https:\/\/haberbesiktas.tr\/index.php?rest_route=\/wp\/v2\/users\/1"}],"replies":[{"embeddable":true,"href":"https:\/\/haberbesiktas.tr\/index.php?rest_route=%2Fwp%2Fv2%2Fcomments&post=34763"}],"version-history":[{"count":1,"href":"https:\/\/haberbesiktas.tr\/index.php?rest_route=\/wp\/v2\/posts\/34763\/revisions"}],"predecessor-version":[{"id":34765,"href":"https:\/\/haberbesiktas.tr\/index.php?rest_route=\/wp\/v2\/posts\/34763\/revisions\/34765"}],"wp:featuredmedia":[{"embeddable":true,"href":"https:\/\/haberbesiktas.tr\/index.php?rest_route=\/wp\/v2\/media\/34764"}],"wp:attachment":[{"href":"https:\/\/haberbesiktas.tr\/index.php?rest_route=%2Fwp%2Fv2%2Fmedia&parent=34763"}],"wp:term":[{"taxonomy":"category","embeddable":true,"href":"https:\/\/haberbesiktas.tr\/index.php?rest_route=%2Fwp%2Fv2%2Fcategories&post=34763"},{"taxonomy":"post_tag","embeddable":true,"href":"https:\/\/haberbesiktas.tr\/index.php?rest_route=%2Fwp%2Fv2%2Ftags&post=34763"}],"curies":[{"name":"wp","href":"https:\/\/api.w.org\/{rel}","templated":true}]}}