{"id":34766,"date":"2025-05-26T22:36:17","date_gmt":"2025-05-26T22:36:17","guid":{"rendered":"https:\/\/haberbesiktas.tr\/?p=34766"},"modified":"2025-05-26T22:36:17","modified_gmt":"2025-05-26T22:36:17","slug":"vincent-poirier-oynamama-bu-sabah-izin-cikti","status":"publish","type":"post","link":"https:\/\/haberbesiktas.tr\/?p=34766","title":{"rendered":"Vincent Poirier: &#8220;Oynamama bu sabah izin \u00e7\u0131kt\u0131&#8221;"},"content":{"rendered":"<div>Anadolu Efes&#8217;in Euroleague&#8217;de konuk etti\u011fi Baskonia&#8217;y\u0131 92-76 ma\u011flup etti. Ligde \u00fcst \u00fcste 5. galibiyetini alan Efes&#8217;te m\u00fcsabakan\u0131n akabinde Vincent Poirier, a\u00e7\u0131klamalarda bulundu.<\/p>\n<p><strong>&#8220;BU SABAH M\u00dcSAADE \u00c7IKTI&#8221;<\/strong><\/p>\n<p>Durumu hakk\u0131nda konu\u015fan Poirier,\u00a0<strong>&#8220;Ge\u00e7en hafta Partizan ma\u00e7\u0131nda ayak bile\u011fim burkuldu, d\u00fcn ise hastayd\u0131m ve t\u00fcm g\u00fcn yataktan \u00e7\u0131kamad\u0131m. Bu y\u00fczden oynay\u0131p oynamayaca\u011f\u0131m belirli de\u011fildi. Bu sabah oynamama m\u00fcsaade \u00e7\u0131kt\u0131 ve bu sayede alana \u00e7\u0131k\u0131p gayret edebildim.&#8221; <\/strong>ifadelerini kulland\u0131.<\/div>\n<p><\/p>\n","protected":false},"excerpt":{"rendered":"<p>Anadolu Efes&#8217;in Euroleague&#8217;de Baskonia&#8217;y\u0131 92-76 ma\u011flup etti. M\u00fcsabakan\u0131n akabinde Anadolu Efes oyuncusu Vincent Poirier, a\u00e7\u0131klamalarda bulundu.<\/p>\n","protected":false},"author":1,"featured_media":34767,"comment_status":"open","ping_status":"open","sticky":false,"template":"","format":"standard","meta":{"footnotes":""},"categories":[10],"tags":[],"class_list":["post-34766","post","type-post","status-publish","format-standard","has-post-thumbnail","hentry","category-basketbol"],"_links":{"self":[{"href":"https:\/\/haberbesiktas.tr\/index.php?rest_route=\/wp\/v2\/posts\/34766","targetHints":{"allow":["GET"]}}],"collection":[{"href":"https:\/\/haberbesiktas.tr\/index.php?rest_route=\/wp\/v2\/posts"}],"about":[{"href":"https:\/\/haberbesiktas.tr\/index.php?rest_route=\/wp\/v2\/types\/post"}],"author":[{"embeddable":true,"href":"https:\/\/haberbesiktas.tr\/index.php?rest_route=\/wp\/v2\/users\/1"}],"replies":[{"embeddable":true,"href":"https:\/\/haberbesiktas.tr\/index.php?rest_route=%2Fwp%2Fv2%2Fcomments&post=34766"}],"version-history":[{"count":1,"href":"https:\/\/haberbesiktas.tr\/index.php?rest_route=\/wp\/v2\/posts\/34766\/revisions"}],"predecessor-version":[{"id":34768,"href":"https:\/\/haberbesiktas.tr\/index.php?rest_route=\/wp\/v2\/posts\/34766\/revisions\/34768"}],"wp:featuredmedia":[{"embeddable":true,"href":"https:\/\/haberbesiktas.tr\/index.php?rest_route=\/wp\/v2\/media\/34767"}],"wp:attachment":[{"href":"https:\/\/haberbesiktas.tr\/index.php?rest_route=%2Fwp%2Fv2%2Fmedia&parent=34766"}],"wp:term":[{"taxonomy":"category","embeddable":true,"href":"https:\/\/haberbesiktas.tr\/index.php?rest_route=%2Fwp%2Fv2%2Fcategories&post=34766"},{"taxonomy":"post_tag","embeddable":true,"href":"https:\/\/haberbesiktas.tr\/index.php?rest_route=%2Fwp%2Fv2%2Ftags&post=34766"}],"curies":[{"name":"wp","href":"https:\/\/api.w.org\/{rel}","templated":true}]}}