{"id":34769,"date":"2025-05-26T22:48:20","date_gmt":"2025-05-26T22:48:20","guid":{"rendered":"https:\/\/haberbesiktas.tr\/?p=34769"},"modified":"2025-05-26T22:48:20","modified_gmt":"2025-05-26T22:48:20","slug":"brezilyada-carlo-ancelotti-sesleri","status":"publish","type":"post","link":"https:\/\/haberbesiktas.tr\/?p=34769","title":{"rendered":"Brezilya&#8217;da Carlo Ancelotti sesleri!"},"content":{"rendered":"<div>Brezilya Ulusal Grubu&#8217;nda Arjantin&#8217;e kar\u015f\u0131 al\u0131nan 4-1&#8217;lik hezimet sab\u0131rlar\u0131 ta\u015f\u0131rd\u0131.<\/p>\n<p> Uzun m\u00fcddettir berbat futboluyla g\u00fcndemde olan Brezilya&#8217;da teknik y\u00f6neticilik davetleri tekrar y\u00fckseldi.<\/p>\n<p> Ge Globo&#8217;da yer alan habere nazaran; Brezilya, 2026 D\u00fcnya Kupas\u0131&#8217;nda Carlo Ancelotti&#8217;ye grubu emanet etmek istiyor.<\/p>\n<p> Haberde, Kolombiya ve Arjantin ma\u00e7lar\u0131n\u0131n akabinde memnuniyetsizli\u011fin artt\u0131\u011f\u0131 ve federasyonun Ancelotti i\u00e7in tekrar harekete ge\u00e7ti\u011fi s\u00f6z edildi.<\/p>\n<p> <strong>G\u00d6R\u00dc\u015eMELERE YO\u011eUNLA\u015eILACAK<\/strong><\/p>\n<p> Brezilya Ulusal Grubu i\u00e7in di\u011fer alternatifler olsa da, federasyonun vakit harcamadan Ancelotti ile g\u00f6r\u00fc\u015fmelere yo\u011funla\u015f\u0131laca\u011f\u0131 belirtildi.<\/p>\n<p> \u00a0<\/p>\n<\/div>\n<p><\/p>\n","protected":false},"excerpt":{"rendered":"<p>Brezilya Futbol Federasyonu, 2026 D\u00fcnya Kupas\u0131&#8217;nda ekibi Carlo Ancelotti&#8217;ye emanet etmek istiyor.<\/p>\n","protected":false},"author":1,"featured_media":34770,"comment_status":"open","ping_status":"open","sticky":false,"template":"","format":"standard","meta":{"footnotes":""},"categories":[25],"tags":[],"class_list":["post-34769","post","type-post","status-publish","format-standard","has-post-thumbnail","hentry","category-futbol"],"_links":{"self":[{"href":"https:\/\/haberbesiktas.tr\/index.php?rest_route=\/wp\/v2\/posts\/34769","targetHints":{"allow":["GET"]}}],"collection":[{"href":"https:\/\/haberbesiktas.tr\/index.php?rest_route=\/wp\/v2\/posts"}],"about":[{"href":"https:\/\/haberbesiktas.tr\/index.php?rest_route=\/wp\/v2\/types\/post"}],"author":[{"embeddable":true,"href":"https:\/\/haberbesiktas.tr\/index.php?rest_route=\/wp\/v2\/users\/1"}],"replies":[{"embeddable":true,"href":"https:\/\/haberbesiktas.tr\/index.php?rest_route=%2Fwp%2Fv2%2Fcomments&post=34769"}],"version-history":[{"count":1,"href":"https:\/\/haberbesiktas.tr\/index.php?rest_route=\/wp\/v2\/posts\/34769\/revisions"}],"predecessor-version":[{"id":34771,"href":"https:\/\/haberbesiktas.tr\/index.php?rest_route=\/wp\/v2\/posts\/34769\/revisions\/34771"}],"wp:featuredmedia":[{"embeddable":true,"href":"https:\/\/haberbesiktas.tr\/index.php?rest_route=\/wp\/v2\/media\/34770"}],"wp:attachment":[{"href":"https:\/\/haberbesiktas.tr\/index.php?rest_route=%2Fwp%2Fv2%2Fmedia&parent=34769"}],"wp:term":[{"taxonomy":"category","embeddable":true,"href":"https:\/\/haberbesiktas.tr\/index.php?rest_route=%2Fwp%2Fv2%2Fcategories&post=34769"},{"taxonomy":"post_tag","embeddable":true,"href":"https:\/\/haberbesiktas.tr\/index.php?rest_route=%2Fwp%2Fv2%2Ftags&post=34769"}],"curies":[{"name":"wp","href":"https:\/\/api.w.org\/{rel}","templated":true}]}}