{"id":34850,"date":"2025-06-04T17:00:26","date_gmt":"2025-06-04T17:00:26","guid":{"rendered":"https:\/\/haberbesiktas.tr\/?p=34850"},"modified":"2025-06-04T17:00:26","modified_gmt":"2025-06-04T17:00:26","slug":"necati-atesten-derbi-yorumu-g-saray-cok-dikkatli-olmali","status":"publish","type":"post","link":"https:\/\/haberbesiktas.tr\/?p=34850","title":{"rendered":"Necati Ate\u015f&#8217;ten derbi yorumu: &#8220;G.Saray \u00e7ok dikkatli olmal\u0131&#8221;"},"content":{"rendered":"<div>Galatasaray&#8217;\u0131n efsane golc\u00fclerin den Necati Ate\u015f, Be\u015fikta\u015f &#8211; Galatasaray derbisini S\u00f6zc\u00fc&#8217;ye k\u0131ymetlendirdi.<\/p>\n<p> <strong>&#8220;G.SARAY&#8217;IN \u00c7OK D\u0130KKATL\u0130 OLMASI LAZIM&#8221;<\/strong><\/p>\n<p> Ate\u015f, ekip savunmas\u0131na dikkat \u00e7ekti. <strong>&#8220;Galatasaray, beraberli\u011fe oynamaz; kendisine yak\u0131\u015ft\u0131rmaz&#8221; tabirleriyle kelamlar\u0131na ba\u015flayan eski futbolcu, &#8220;Be\u015fikta\u015f, taraftar\u0131 \u00f6n\u00fcnde tahminen kendini affettirmek i\u00e7in bir f\u0131rsat yakalad\u0131. Hasebiyle Be\u015fikta\u015f da bu ma\u00e7a as\u0131lacakt\u0131r. Galatasaray son y\u0131llarda daima hakikat ad\u0131mlar\u0131 atm\u0131\u015ft\u0131r. Bilhassa Galatasaray&#8217;\u0131n \u00e7ok dikkatli olmas\u0131 laz\u0131m. \u015eimdi hi\u00e7bir \u015fey bitmi\u015f de\u011fil. T\u0131pk\u0131 oyununu geli\u015ftirerek devam ettirmeli. Ger\u00e7ek savunma yaparlarsa kazan\u0131rlar&#8221;<\/strong> dedi.<\/p>\n<p> <strong>&#8220;OSIMHEN F\u0130\u015e\u0130 \u00c7EKER&#8221;<\/strong><\/p>\n<p> Ate\u015f, Victor Osimhen&#8217;in de\u011ferine dikkat \u00e7ekip \u015funlar\u0131 s\u00f6yledi:<\/p>\n<p> <strong>&#8220;Galatasarayl\u0131 futbolcular, Osimhen&#8217;e \u00e7ok top getirmeli. Kanatlardan olsun, ortadan olsun Osimhen, beslenmeli. Osimhen \u00fczere g\u00fc\u00e7l\u00fc bir golc\u00fc, ma\u00e7\u0131n sonuna tesir edebilir. Immobile ve Osimhen keyif vereceklerdir. Lakin Osimhen&#8217;deki durmak bilmeden y\u00fckselen grafik Be\u015fikta\u015f&#8217;\u0131 da devirebilir. Golc\u00fcler kadar kalecilerin durumu da sonuca tesir edecek. Galatasaray, grup savunmas\u0131n\u0131 yanl\u0131\u015fs\u0131z yap\u0131nca hamlesi da kusursuz yap\u0131yor.&#8221;\u00a0<\/strong><\/p>\n<div>\u00a0<\/div>\n<\/div>\n<p><\/p>\n","protected":false},"excerpt":{"rendered":"<p>Futbolculu\u011funda bir\u00e7ok sefer Dolmabah\u00e7e&#8217;de forma giyen Necati Ate\u015f, derbiyi k\u0131ymetlendirdi. S\u00f6zc\u00fc&#8217;ye konu\u015fan Ate\u015f, &#8220;Ligde \u015fimdi biten bir \u015fey yok. Galatasaray, yanl\u0131\u015fs\u0131z kadro savunmas\u0131 yaparsa kazan\u0131r. Be\u015fikta\u015f da kendini taraftar\u0131na affettirmek i\u00e7in ma\u00e7a as\u0131lacakt\u0131r&#8221; dedi.<\/p>\n","protected":false},"author":1,"featured_media":34851,"comment_status":"open","ping_status":"open","sticky":false,"template":"","format":"standard","meta":{"footnotes":""},"categories":[25],"tags":[129,974],"class_list":["post-34850","post","type-post","status-publish","format-standard","has-post-thumbnail","hentry","category-futbol","tag-galatasaray","tag-osimhen"],"_links":{"self":[{"href":"https:\/\/haberbesiktas.tr\/index.php?rest_route=\/wp\/v2\/posts\/34850","targetHints":{"allow":["GET"]}}],"collection":[{"href":"https:\/\/haberbesiktas.tr\/index.php?rest_route=\/wp\/v2\/posts"}],"about":[{"href":"https:\/\/haberbesiktas.tr\/index.php?rest_route=\/wp\/v2\/types\/post"}],"author":[{"embeddable":true,"href":"https:\/\/haberbesiktas.tr\/index.php?rest_route=\/wp\/v2\/users\/1"}],"replies":[{"embeddable":true,"href":"https:\/\/haberbesiktas.tr\/index.php?rest_route=%2Fwp%2Fv2%2Fcomments&post=34850"}],"version-history":[{"count":1,"href":"https:\/\/haberbesiktas.tr\/index.php?rest_route=\/wp\/v2\/posts\/34850\/revisions"}],"predecessor-version":[{"id":34852,"href":"https:\/\/haberbesiktas.tr\/index.php?rest_route=\/wp\/v2\/posts\/34850\/revisions\/34852"}],"wp:featuredmedia":[{"embeddable":true,"href":"https:\/\/haberbesiktas.tr\/index.php?rest_route=\/wp\/v2\/media\/34851"}],"wp:attachment":[{"href":"https:\/\/haberbesiktas.tr\/index.php?rest_route=%2Fwp%2Fv2%2Fmedia&parent=34850"}],"wp:term":[{"taxonomy":"category","embeddable":true,"href":"https:\/\/haberbesiktas.tr\/index.php?rest_route=%2Fwp%2Fv2%2Fcategories&post=34850"},{"taxonomy":"post_tag","embeddable":true,"href":"https:\/\/haberbesiktas.tr\/index.php?rest_route=%2Fwp%2Fv2%2Ftags&post=34850"}],"curies":[{"name":"wp","href":"https:\/\/api.w.org\/{rel}","templated":true}]}}