{"id":34853,"date":"2025-06-04T17:12:26","date_gmt":"2025-06-04T17:12:26","guid":{"rendered":"https:\/\/haberbesiktas.tr\/?p=34853"},"modified":"2025-06-04T17:12:26","modified_gmt":"2025-06-04T17:12:26","slug":"fenerbahceden-alex-garciaya-kanca","status":"publish","type":"post","link":"https:\/\/haberbesiktas.tr\/?p=34853","title":{"rendered":"Fenerbah\u00e7e&#8217;den Alex Garcia&#8217;ya kanca!"},"content":{"rendered":"<div>\n<p>Fenerbah\u00e7e, yeni d\u00f6nem transfer \u00e7al\u0131\u015fmalar\u0131na s\u00fcrat kesmeden devam ediyor.<\/p>\n<p> Sar\u0131-lacivertliler, Bayer Leverkusen&#8217;de forma giyen Aleix Garcia&#8217;y\u0131 g\u00fcndemine ald\u0131.<\/p>\n<p> Orta alanda 6 ve 8 numara oynayabilen 27 ya\u015f\u0131ndaki y\u0131ld\u0131z, d\u00f6nem ba\u015f\u0131nda Girona&#8217;dan Leverkusen&#8217;e ge\u00e7mi\u015fti. Alman tak\u0131m\u0131nda 3-4-3&#8217;e yak\u0131n bir formasyonda oynayan Garcia, Jose Mourinho&#8217;nun da takibinde duruyor.<\/p>\n<p> \u0130spanyol y\u0131ld\u0131z son 2 ekibi olan Girona ve Leverkusen&#8217;de Mourinho&#8217;nun Fenerbah\u00e7e&#8217;de uygulad\u0131\u011f\u0131 taktik dizili\u015fe benzeri bir anlay\u0131\u015fta oynam\u0131\u015ft\u0131. Deneyimli futbolcunun bu sayede sar\u0131-lacivertli kadroda ahenk sorunu ya\u015famayaca\u011f\u0131 ve Mourinho&#8217;nun planlar\u0131na uyaca\u011f\u0131 aktar\u0131ld\u0131.\u00a0<\/p>\n<p> <strong>GIRONA&#8217;DA \u00c7IKI\u015eA GE\u00c7T\u0130<\/strong><\/p>\n<p> Aleix Garcia mesle\u011finde Girona ile \u00e7\u0131k\u0131\u015fa ge\u00e7ti. Bilhassa 2023-2024 d\u00f6neminde La Liga&#8217;da tepeye oynayan Girona&#8217;da kadronun de\u011ferli isimlerinden olan Garcia, asist katk\u0131s\u0131yla dikkat \u00e7ekti. \u0130spanyol orta saha Girona&#8217;da 172 resmi ma\u00e7ta 8 gol kaydetti ve 21 asistle \u00f6ne \u00e7\u0131kt\u0131.\u00a0<\/p>\n<p> <strong>CITY ALTYAPISI<\/strong><\/p>\n<p> Fenerbah\u00e7e&#8217;nin g\u00fcndeminde yer alan Aleix Garcia, Manchester City altyap\u0131s\u0131nda forma giydi. Manchester City U19 ekibinde oynayan Garcia, A ekiple da 9 ma\u00e7a \u00e7\u0131km\u0131\u015ft\u0131.<\/p>\n<p> <strong>PERFORMANSI\u00a0<\/strong><\/p>\n<p> Aleix Garcia bu d\u00f6nem Leverkusen&#8217;de 35 ma\u00e7a \u00e7\u0131karken 4 gol kaydetti, 3 defa de gol pas\u0131 verdi.<\/p>\n<\/div>\n<p><\/p>\n","protected":false},"excerpt":{"rendered":"<p>Fenerbah\u00e7e, Bayer Leverkusen&#8217;de forma giyen Aleix Garcia&#8217;y\u0131 transfer listesine ald\u0131.<\/p>\n","protected":false},"author":1,"featured_media":34854,"comment_status":"open","ping_status":"open","sticky":false,"template":"","format":"standard","meta":{"footnotes":""},"categories":[25],"tags":[2784,2785],"class_list":["post-34853","post","type-post","status-publish","format-standard","has-post-thumbnail","hentry","category-futbol","tag-garcia","tag-girona"],"_links":{"self":[{"href":"https:\/\/haberbesiktas.tr\/index.php?rest_route=\/wp\/v2\/posts\/34853","targetHints":{"allow":["GET"]}}],"collection":[{"href":"https:\/\/haberbesiktas.tr\/index.php?rest_route=\/wp\/v2\/posts"}],"about":[{"href":"https:\/\/haberbesiktas.tr\/index.php?rest_route=\/wp\/v2\/types\/post"}],"author":[{"embeddable":true,"href":"https:\/\/haberbesiktas.tr\/index.php?rest_route=\/wp\/v2\/users\/1"}],"replies":[{"embeddable":true,"href":"https:\/\/haberbesiktas.tr\/index.php?rest_route=%2Fwp%2Fv2%2Fcomments&post=34853"}],"version-history":[{"count":1,"href":"https:\/\/haberbesiktas.tr\/index.php?rest_route=\/wp\/v2\/posts\/34853\/revisions"}],"predecessor-version":[{"id":34855,"href":"https:\/\/haberbesiktas.tr\/index.php?rest_route=\/wp\/v2\/posts\/34853\/revisions\/34855"}],"wp:featuredmedia":[{"embeddable":true,"href":"https:\/\/haberbesiktas.tr\/index.php?rest_route=\/wp\/v2\/media\/34854"}],"wp:attachment":[{"href":"https:\/\/haberbesiktas.tr\/index.php?rest_route=%2Fwp%2Fv2%2Fmedia&parent=34853"}],"wp:term":[{"taxonomy":"category","embeddable":true,"href":"https:\/\/haberbesiktas.tr\/index.php?rest_route=%2Fwp%2Fv2%2Fcategories&post=34853"},{"taxonomy":"post_tag","embeddable":true,"href":"https:\/\/haberbesiktas.tr\/index.php?rest_route=%2Fwp%2Fv2%2Ftags&post=34853"}],"curies":[{"name":"wp","href":"https:\/\/api.w.org\/{rel}","templated":true}]}}