{"id":34856,"date":"2025-06-04T17:24:23","date_gmt":"2025-06-04T17:24:23","guid":{"rendered":"https:\/\/haberbesiktas.tr\/?p=34856"},"modified":"2025-06-04T17:24:23","modified_gmt":"2025-06-04T17:24:23","slug":"besiktas-osimheni-durduracak-kisiyi-belirledi","status":"publish","type":"post","link":"https:\/\/haberbesiktas.tr\/?p=34856","title":{"rendered":"Be\u015fikta\u015f, Osimhen&#8217;i durduracak ki\u015fiyi belirledi!"},"content":{"rendered":"<div>Be\u015fikta\u015f&#8217;ta teknik y\u00f6netici Ole Gunnar Solskjaer, derbide sorun istemiyor. Bilhassa stoperlerle yak\u0131ndan ilgilenirken Galatasaray&#8217;\u0131n y\u0131ld\u0131z\u0131 Victor Osimhen&#8217;e kar\u015f\u0131 tedbir alacak. <\/p>\n<p><strong>PAUL\u0130STA&#8217;DAN SIKI MARKAJ<\/strong><\/p>\n<p>Siyah-beyazl\u0131larda, Nijeryal\u0131 futbolcuyla yak\u0131n oynayacak isim Gabriel Paulista olacak. Hava toplar\u0131nda ve markajda Brezilyal\u0131, Osimhen&#8217;e yak\u0131n duracak. <\/p>\n<p><strong>MASUAKU&#8217;DAN OFANS\u0130F BEKLENT\u0130<\/strong><\/p>\n<p>Derbi \u00f6ncesi rakip tahlilleri yap\u0131ld\u0131ktan sonra bunlar oyuncularla payla\u015f\u0131ld\u0131 ve bilhassa saha i\u00e7i e\u015fle\u015fme durumuna nazaran farkl\u0131 ayr\u0131 herkese bilgiler verildi. Solskjaer, Galatasaray&#8217;a kar\u015f\u0131 top kendilerindeyken Masuaku&#8217;nun \u00f6ne \u00e7\u0131kmas\u0131n\u0131 planl\u0131yor. Bu do\u011frultuda Svensson&#8217;u da sa\u011f stoper \u00fczere konumland\u0131ran deneyimli hoca, Masuaku&#8217;nun ofansif katk\u0131s\u0131ndan faydalanmak istiyor.\u00a0<\/p><\/div>\n<p><\/p>\n","protected":false},"excerpt":{"rendered":"<p>Be\u015fikta\u015f Teknik Y\u00f6neticisi Ole Gunnar Solskjaer, Galatasaray&#8217;\u0131n santrforu Victor Osimhen&#8217;i Gabriel Paulista&#8217;ya emanet edecek.<\/p>\n","protected":false},"author":1,"featured_media":34857,"comment_status":"open","ping_status":"open","sticky":false,"template":"","format":"standard","meta":{"footnotes":""},"categories":[25],"tags":[],"class_list":["post-34856","post","type-post","status-publish","format-standard","has-post-thumbnail","hentry","category-futbol"],"_links":{"self":[{"href":"https:\/\/haberbesiktas.tr\/index.php?rest_route=\/wp\/v2\/posts\/34856","targetHints":{"allow":["GET"]}}],"collection":[{"href":"https:\/\/haberbesiktas.tr\/index.php?rest_route=\/wp\/v2\/posts"}],"about":[{"href":"https:\/\/haberbesiktas.tr\/index.php?rest_route=\/wp\/v2\/types\/post"}],"author":[{"embeddable":true,"href":"https:\/\/haberbesiktas.tr\/index.php?rest_route=\/wp\/v2\/users\/1"}],"replies":[{"embeddable":true,"href":"https:\/\/haberbesiktas.tr\/index.php?rest_route=%2Fwp%2Fv2%2Fcomments&post=34856"}],"version-history":[{"count":1,"href":"https:\/\/haberbesiktas.tr\/index.php?rest_route=\/wp\/v2\/posts\/34856\/revisions"}],"predecessor-version":[{"id":34858,"href":"https:\/\/haberbesiktas.tr\/index.php?rest_route=\/wp\/v2\/posts\/34856\/revisions\/34858"}],"wp:featuredmedia":[{"embeddable":true,"href":"https:\/\/haberbesiktas.tr\/index.php?rest_route=\/wp\/v2\/media\/34857"}],"wp:attachment":[{"href":"https:\/\/haberbesiktas.tr\/index.php?rest_route=%2Fwp%2Fv2%2Fmedia&parent=34856"}],"wp:term":[{"taxonomy":"category","embeddable":true,"href":"https:\/\/haberbesiktas.tr\/index.php?rest_route=%2Fwp%2Fv2%2Fcategories&post=34856"},{"taxonomy":"post_tag","embeddable":true,"href":"https:\/\/haberbesiktas.tr\/index.php?rest_route=%2Fwp%2Fv2%2Ftags&post=34856"}],"curies":[{"name":"wp","href":"https:\/\/api.w.org\/{rel}","templated":true}]}}