{"id":34865,"date":"2025-06-04T18:00:21","date_gmt":"2025-06-04T18:00:21","guid":{"rendered":"https:\/\/haberbesiktas.tr\/?p=34865"},"modified":"2025-06-04T18:00:21","modified_gmt":"2025-06-04T18:00:21","slug":"besiktas-taylan-bulut-icin-geri-sayima-gecti","status":"publish","type":"post","link":"https:\/\/haberbesiktas.tr\/?p=34865","title":{"rendered":"Be\u015fikta\u015f, Taylan Bulut i\u00e7in geri say\u0131ma ge\u00e7ti!"},"content":{"rendered":"<div>Be\u015fikta\u015f orta transfer periyodunda nab\u0131z yoklad\u0131\u011f\u0131 Taylan Bulut i\u00e7in bir kere daha harekete ge\u00e7meyi planl\u0131yor. Siyah-beyazl\u0131 kadro, daha evvel oyuncunun Bundesliga&#8217;da oynama iste\u011finden \u00f6t\u00fcr\u00fc ilerleme kat edememi\u015fti.<\/p>\n<p><strong>TEKL\u0130FLERE A\u00c7IK<\/strong><\/p>\n<p> Schalke&#8217;de forma giyen 19 ya\u015f\u0131ndaki futbolcunun yaz\u0131n kul\u00fcb\u00fcnden ayr\u0131lmas\u0131 bekleniyor. Alman tak\u0131m\u0131, ekenomik olarak bulundu\u011fu s\u0131k\u0131nt\u0131 durumdan \u00e7\u0131kmak i\u00e7in bonservis geliri elde edece\u011fi oyuncular\u0131na teklife kap\u0131lar\u0131n\u0131 a\u00e7t\u0131. <\/p>\n<p>Be\u015fikta\u015f&#8217;\u0131n da gelecek d\u00f6nem gurbet\u00e7i oyuncu destekleri yapmak istedi\u011fi kaydedildi. Bu do\u011frultuda gen\u00e7 sa\u011f bek i\u00e7in bir te\u015febb\u00fcs daha yap\u0131lacak. <\/p>\n<p><strong>BU D\u00d6NEM NE YAPTI?<\/strong><\/p>\n<p>Bu d\u00f6nem 23 ma\u00e7ta oynayan Taylan, 1 gol, 1 asist kaydederken 1961 dakika alanda kald\u0131.\u00a0<\/p><\/div>\n<p><\/p>\n","protected":false},"excerpt":{"rendered":"<p>Be\u015fikta\u015f, Schalke 04 formas\u0131 giyen Taylan Bulut transferi i\u00e7in yaz transfer periyodunu bekleyecek.<\/p>\n","protected":false},"author":1,"featured_media":34866,"comment_status":"open","ping_status":"open","sticky":false,"template":"","format":"standard","meta":{"footnotes":""},"categories":[25],"tags":[],"class_list":["post-34865","post","type-post","status-publish","format-standard","has-post-thumbnail","hentry","category-futbol"],"_links":{"self":[{"href":"https:\/\/haberbesiktas.tr\/index.php?rest_route=\/wp\/v2\/posts\/34865","targetHints":{"allow":["GET"]}}],"collection":[{"href":"https:\/\/haberbesiktas.tr\/index.php?rest_route=\/wp\/v2\/posts"}],"about":[{"href":"https:\/\/haberbesiktas.tr\/index.php?rest_route=\/wp\/v2\/types\/post"}],"author":[{"embeddable":true,"href":"https:\/\/haberbesiktas.tr\/index.php?rest_route=\/wp\/v2\/users\/1"}],"replies":[{"embeddable":true,"href":"https:\/\/haberbesiktas.tr\/index.php?rest_route=%2Fwp%2Fv2%2Fcomments&post=34865"}],"version-history":[{"count":1,"href":"https:\/\/haberbesiktas.tr\/index.php?rest_route=\/wp\/v2\/posts\/34865\/revisions"}],"predecessor-version":[{"id":34867,"href":"https:\/\/haberbesiktas.tr\/index.php?rest_route=\/wp\/v2\/posts\/34865\/revisions\/34867"}],"wp:featuredmedia":[{"embeddable":true,"href":"https:\/\/haberbesiktas.tr\/index.php?rest_route=\/wp\/v2\/media\/34866"}],"wp:attachment":[{"href":"https:\/\/haberbesiktas.tr\/index.php?rest_route=%2Fwp%2Fv2%2Fmedia&parent=34865"}],"wp:term":[{"taxonomy":"category","embeddable":true,"href":"https:\/\/haberbesiktas.tr\/index.php?rest_route=%2Fwp%2Fv2%2Fcategories&post=34865"},{"taxonomy":"post_tag","embeddable":true,"href":"https:\/\/haberbesiktas.tr\/index.php?rest_route=%2Fwp%2Fv2%2Ftags&post=34865"}],"curies":[{"name":"wp","href":"https:\/\/api.w.org\/{rel}","templated":true}]}}