{"id":34877,"date":"2025-06-04T18:48:25","date_gmt":"2025-06-04T18:48:25","guid":{"rendered":"https:\/\/haberbesiktas.tr\/?p=34877"},"modified":"2025-06-04T18:48:25","modified_gmt":"2025-06-04T18:48:25","slug":"edin-dzekodan-buyuk-fedakarlik","status":"publish","type":"post","link":"https:\/\/haberbesiktas.tr\/?p=34877","title":{"rendered":"Edin Dzeko&#8217;dan b\u00fcy\u00fck fedakarl\u0131k!"},"content":{"rendered":"<div>\n<p>Fenerbah\u00e7e&#8217;nin y\u0131ld\u0131z\u0131 Edin Dzeko \u00f6zverili duru\u015fuyla dikkat \u00e7ekiyor.<\/p>\n<p> Anderlecht ile oynanan Avrupa Ligi ma\u00e7\u0131nda eli k\u0131r\u0131lan Bo\u015fnak forvet, hareketlerini k\u0131s\u0131tlayan bir el bandaj\u0131 ile gayret ediyordu. Bu halde Bosna Hersek Ulusal Ekibine kat\u0131lan deneyimli futbolcu burada da yeni hasarlar ald\u0131.<\/p>\n<p> Romanya m\u00fcsabakas\u0131nda rakibinin aya\u011f\u0131yla girdi\u011fi topa ba\u015f\u0131n\u0131 soktu. Y\u00fcz\u00fcne gelen darbeyle burnunda k\u0131r\u0131k, g\u00f6zlerinde \u015fi\u015flikler olu\u015ftu. Forma giyemeyecek olmas\u0131na kar\u015f\u0131n ulusal grup arkada\u015flar\u0131n\u0131 yaln\u0131z b\u0131rakmad\u0131.<\/p>\n<p> <strong>ANTRENMAN KA\u00c7IRMIYOR<\/strong><\/p>\n<p> Edin Dzeko 39 ya\u015f\u0131na ve ald\u0131\u011f\u0131 hasarlar\u0131n artmas\u0131na kar\u015f\u0131n profesyonellik, aidiyet duygusu ve futbola olan tutkusuyla ulusal kadro d\u00f6n\u00fc\u015f\u00fc \u00e7abucak Fenerbah\u00e7e ile idmanlara ba\u015flad\u0131. Deneyimli atak oyuncusu bu imgesiyle gen\u00e7ler i\u00e7in de de\u011ferli bir \u00f6rnek olarak \u00f6n plana \u00e7\u0131k\u0131yor. Teknik y\u00f6netici Jose Mourinho, 39 ya\u015f\u0131ndaki futbolcunun bu tutumlar\u0131yla t\u00fcm gruba liderlik yapt\u0131\u011f\u0131n\u0131 d\u00fc\u015f\u00fcn\u00fcyor. Eli ve burnu k\u0131r\u0131k halde idman ka\u00e7\u0131rmadan i\u015fini yapan Dzeko&#8217;yu g\u00f6renler onun bu davran\u0131\u015flar\u0131n\u0131 takdir ediyor.<\/p>\n<p> <strong>\u0130DMANA DEVAM<\/strong><\/p>\n<p> Sar\u0131-lacivertliler, Bodrum FK \u00e7abas\u0131n\u0131n haz\u0131rl\u0131klar\u0131n\u0131 s\u00fcrd\u00fcrd\u00fc. Teknik y\u00f6netici Jose Mourinho idaresindeki \u00e7al\u0131\u015fmada futbolcular\u0131n h\u0131rsl\u0131 olmalar\u0131 dikkatlerden ka\u00e7mad\u0131. Antrenmanda at\u0131lan ho\u015f goller alk\u0131\u015fland\u0131.\u00a0<\/p>\n<\/div>\n<p><\/p>\n","protected":false},"excerpt":{"rendered":"<p>Fenerbah\u00e7e&#8217;de eli ve burnu k\u0131r\u0131k olmas\u0131na kar\u015f\u0131n idmanlara orta vermeyen Edin Dzeko, profesyonelli\u011fi ve liderli\u011fiyle Fenerbah\u00e7e&#8217;de takdir topluyor.<\/p>\n","protected":false},"author":1,"featured_media":34878,"comment_status":"open","ping_status":"open","sticky":false,"template":"","format":"standard","meta":{"footnotes":""},"categories":[25],"tags":[],"class_list":["post-34877","post","type-post","status-publish","format-standard","has-post-thumbnail","hentry","category-futbol"],"_links":{"self":[{"href":"https:\/\/haberbesiktas.tr\/index.php?rest_route=\/wp\/v2\/posts\/34877","targetHints":{"allow":["GET"]}}],"collection":[{"href":"https:\/\/haberbesiktas.tr\/index.php?rest_route=\/wp\/v2\/posts"}],"about":[{"href":"https:\/\/haberbesiktas.tr\/index.php?rest_route=\/wp\/v2\/types\/post"}],"author":[{"embeddable":true,"href":"https:\/\/haberbesiktas.tr\/index.php?rest_route=\/wp\/v2\/users\/1"}],"replies":[{"embeddable":true,"href":"https:\/\/haberbesiktas.tr\/index.php?rest_route=%2Fwp%2Fv2%2Fcomments&post=34877"}],"version-history":[{"count":1,"href":"https:\/\/haberbesiktas.tr\/index.php?rest_route=\/wp\/v2\/posts\/34877\/revisions"}],"predecessor-version":[{"id":34879,"href":"https:\/\/haberbesiktas.tr\/index.php?rest_route=\/wp\/v2\/posts\/34877\/revisions\/34879"}],"wp:featuredmedia":[{"embeddable":true,"href":"https:\/\/haberbesiktas.tr\/index.php?rest_route=\/wp\/v2\/media\/34878"}],"wp:attachment":[{"href":"https:\/\/haberbesiktas.tr\/index.php?rest_route=%2Fwp%2Fv2%2Fmedia&parent=34877"}],"wp:term":[{"taxonomy":"category","embeddable":true,"href":"https:\/\/haberbesiktas.tr\/index.php?rest_route=%2Fwp%2Fv2%2Fcategories&post=34877"},{"taxonomy":"post_tag","embeddable":true,"href":"https:\/\/haberbesiktas.tr\/index.php?rest_route=%2Fwp%2Fv2%2Ftags&post=34877"}],"curies":[{"name":"wp","href":"https:\/\/api.w.org\/{rel}","templated":true}]}}