{"id":34883,"date":"2025-06-04T19:12:18","date_gmt":"2025-06-04T19:12:18","guid":{"rendered":"https:\/\/haberbesiktas.tr\/?p=34883"},"modified":"2025-06-04T19:12:18","modified_gmt":"2025-06-04T19:12:18","slug":"milli-kayakci-nusret-fransada-turk-bayragini-dalgalandiracak","status":"publish","type":"post","link":"https:\/\/haberbesiktas.tr\/?p=34883","title":{"rendered":"Milli kayak\u00e7\u0131 Nusret, Fransa&#8217;da T\u00fcrk bayra\u011f\u0131n\u0131 dalgaland\u0131racak"},"content":{"rendered":"<p>Kars&#8217;\u0131n Sar\u0131kam\u0131\u015f il\u00e7esinde ya\u015fayan zihinsel engelli ulusal kayak\u00e7\u0131 24 ya\u015f\u0131ndaki Nusret Do\u011fukan Topta\u015f, Fransa&#8217;da d\u00fczenlenecek \u00d6zel Atletler D\u00fcnya Alp Disiplini Kayak \u015eampiyonas\u0131&#8217;nda T\u00fcrk bayra\u011f\u0131n\u0131 dalgaland\u0131rmay\u0131 hedefliyor.<\/p>\n<p> T\u00fcrkiye \u00d6zel Atletler Spor Federasyonu Kayak Teknik Kurulu Lideri ve Ulusal Kadro Antren\u00f6r\u00fc Erol Karabulut, kent genelinde rehabilitasyon merkezindeki \u00f6zel \u00e7ocuklar ortas\u0131nda yetenek taramas\u0131 yaparken 2014 y\u0131l\u0131nda Nusret Do\u011fukan Topta\u015f&#8217;\u0131 ke\u015ffetti.<\/p>\n<p> Kaya\u011fa ba\u015flad\u0131ktan 3 y\u0131l sonra 2017&#8217;de ve akabinde 2019&#8217;da T\u00fcrkiye \u015fampiyonlu\u011fu elde eden Topta\u015f, elde etti\u011fi ba\u015far\u0131larla ulusal ekibe se\u00e7ildi.<\/p>\n<p> Virtus Milletleraras\u0131 Zihinsel Engelli Atletler Federasyonu taraf\u0131ndan 30 Mart-5 Nisan&#8217;da Fransa&#8217;n\u0131n Tignes kentinde yap\u0131lacak \u00d6zel Atletler D\u00fcnya Alp Disiplini Kayak \u015eampiyonas\u0131&#8217;na haz\u0131rlanan Topta\u015f, 2 bin 634 rak\u0131ml\u0131 Sar\u0131kam\u0131\u015f Kayak Merkezi&#8217;nde idman yap\u0131yor.<\/p>\n<p> Kayak merkezinde antren\u00f6r\u00fc Karabulut idaresinde g\u00fcnde 4 saat idman yapan Nusret, tertipten alt\u0131n madalyayla d\u00f6nmek istiyor.<\/p>\n<p> <strong>&#8211; &#8220;\u00c7ok uygun bir haz\u0131rl\u0131k devri ge\u00e7irdik&#8221;<\/strong><\/p>\n<p> Antren\u00f6r Erol Karabulut AA muhabirine, yakla\u015f\u0131k 3 ayd\u0131r tertip i\u00e7in sportmen Nusret Do\u011fukan Topta\u015f ile kondisyon, teknik ve kayakla \u00e7al\u0131\u015fma yapt\u0131klar\u0131n\u0131 s\u00f6yledi.<\/p>\n<p> Atletiyle \u00e7ok uygun bir haz\u0131rl\u0131k devri ge\u00e7irdi\u011fini tabir eden Karabulut, &#8220;Sezon ba\u015f\u0131ndan beri \u00f6zel atletimiz Nusret Do\u011fukan Topta\u015f&#8217;la \u00e7al\u0131\u015fmalar\u0131m\u0131za devam ediyoruz. \u015eampiyonaya \u00fclkemizi temsilen 5 atletimizle kat\u0131laca\u011f\u0131z, bunlardan 3 sportmen Erzurum, 1 sportmen Erzincan, bir atletimiz da Sar\u0131kam\u0131\u015f&#8217;ta. Yapt\u0131\u011f\u0131m\u0131z \u00e7al\u0131\u015fmalar sonucunda, \u00fclkemizi g\u00fczelce temsil ederek bayra\u011f\u0131m\u0131z\u0131 g\u00f6ndere \u00e7ekip madalyalarla d\u00f6nmek istiyoruz.&#8221; diye konu\u015ftu.<\/p>\n<p> \u00d6zel Sportmen Nusret Do\u011fukan Topta\u015f da \u00e7ok g\u00fczel bir ortamda haz\u0131rl\u0131k yapt\u0131\u011f\u0131n\u0131 belirterek, &#8220;Bug\u00fcne kadar Erol hocamla kayd\u0131m, kendimi ho\u015f ve memnun hissediyorum. \u0130n\u015fallah \u015fampiyon olup geri d\u00f6nece\u011fim.&#8221; dedi.<\/p>\n","protected":false},"excerpt":{"rendered":"<p>Kars&#8217;ta ya\u015fayan 24 ya\u015f\u0131ndaki zihinsel engelli Nusret Do\u011fukan Topta\u015f, 30 Mart-5 Nisan&#8217;da Fransa&#8217;n\u0131n Tignes kentinde yap\u0131lacak \u00d6zel Sportmenler D\u00fcnya Alp Disiplini Kayak \u015eampiyonas\u0131&#8217;na haz\u0131rlan\u0131yor.<\/p>\n","protected":false},"author":1,"featured_media":34884,"comment_status":"open","ping_status":"open","sticky":false,"template":"","format":"standard","meta":{"footnotes":""},"categories":[27],"tags":[80,2786,91,65],"class_list":["post-34883","post","type-post","status-publish","format-standard","has-post-thumbnail","hentry","category-guncel-haberler","tag-kayak","tag-ozel-sporcu","tag-sampiyon","tag-spor"],"_links":{"self":[{"href":"https:\/\/haberbesiktas.tr\/index.php?rest_route=\/wp\/v2\/posts\/34883","targetHints":{"allow":["GET"]}}],"collection":[{"href":"https:\/\/haberbesiktas.tr\/index.php?rest_route=\/wp\/v2\/posts"}],"about":[{"href":"https:\/\/haberbesiktas.tr\/index.php?rest_route=\/wp\/v2\/types\/post"}],"author":[{"embeddable":true,"href":"https:\/\/haberbesiktas.tr\/index.php?rest_route=\/wp\/v2\/users\/1"}],"replies":[{"embeddable":true,"href":"https:\/\/haberbesiktas.tr\/index.php?rest_route=%2Fwp%2Fv2%2Fcomments&post=34883"}],"version-history":[{"count":1,"href":"https:\/\/haberbesiktas.tr\/index.php?rest_route=\/wp\/v2\/posts\/34883\/revisions"}],"predecessor-version":[{"id":34885,"href":"https:\/\/haberbesiktas.tr\/index.php?rest_route=\/wp\/v2\/posts\/34883\/revisions\/34885"}],"wp:featuredmedia":[{"embeddable":true,"href":"https:\/\/haberbesiktas.tr\/index.php?rest_route=\/wp\/v2\/media\/34884"}],"wp:attachment":[{"href":"https:\/\/haberbesiktas.tr\/index.php?rest_route=%2Fwp%2Fv2%2Fmedia&parent=34883"}],"wp:term":[{"taxonomy":"category","embeddable":true,"href":"https:\/\/haberbesiktas.tr\/index.php?rest_route=%2Fwp%2Fv2%2Fcategories&post=34883"},{"taxonomy":"post_tag","embeddable":true,"href":"https:\/\/haberbesiktas.tr\/index.php?rest_route=%2Fwp%2Fv2%2Ftags&post=34883"}],"curies":[{"name":"wp","href":"https:\/\/api.w.org\/{rel}","templated":true}]}}