{"id":34937,"date":"2025-06-04T23:36:21","date_gmt":"2025-06-04T23:36:21","guid":{"rendered":"https:\/\/haberbesiktas.tr\/?p=34937"},"modified":"2025-06-04T23:36:21","modified_gmt":"2025-06-04T23:36:21","slug":"ertugrul-dogandan-tffye-elestiri","status":"publish","type":"post","link":"https:\/\/haberbesiktas.tr\/?p=34937","title":{"rendered":"Ertu\u011frul Do\u011fan&#8217;dan TFF&#8217;ye ele\u015ftiri!"},"content":{"rendered":"<div>\n<p>Trabzonspor Ba\u015fkan\u0131 Ertu\u011frul Do\u011fan, TFF&#8217;ye y\u00f6nelik tenkitlerde bulundu. T\u00fcrk futbolunun adalet imtihan\u0131ndan ge\u00e7ti\u011fini belirten Do\u011fan, &#8220;Adalet i\u00e7in u\u011fra\u015fmak bir tercih de\u011fil zorunluluktur&#8221; dedi.\u00a0<\/p>\n<p> Trabzonspor Ba\u015fkan\u0131 Ertu\u011frul Do\u011fan, T\u00fcrk futbolunun adalet hissinin a\u011f\u0131r bir imtihandan ge\u00e7ti\u011fini belirterek, &#8220;T\u00fcrkiye Futbol Federasyonu&#8217;nun kul\u00fcb\u00fcm\u00fcze ve \u015fahs\u0131ma y\u00f6neltti\u011fi cezalar, futbolun \u00f6z\u00fcne ve vicdan\u0131na g\u00f6lge d\u00fc\u015f\u00fcrm\u00fc\u015ft\u00fcr&#8221; dedi.<\/p>\n<p> Trabzonspor Ba\u015fkan\u0131 Ertu\u011frul Do\u011fan, bordo-mavili kul\u00fcb\u00fcn mecmuas\u0131nda yer alan yaz\u0131s\u0131nda T\u00fcrkiye Futbol Federasyonu hakk\u0131nda tenkitlerde bulundu.<\/p>\n<p> Do\u011fan, <strong>&#8220;T\u00fcrk futbolunun adalet duygusu maalesef a\u011f\u0131r bir imtihandan ge\u00e7mektedir. T\u00fcrkiye Futbol Federasyonu&#8217;nun kul\u00fcb\u00fcm\u00fcze ve \u015fahs\u0131ma y\u00f6neltti\u011fi cezalar, futbolun \u00f6z\u00fcne ve vicdan\u0131na g\u00f6lge d\u00fc\u015f\u00fcrm\u00fc\u015ft\u00fcr. Fakat bilinmelidir ki Trabzonspor, tarih boyunca ka\u00e7 f\u0131rt\u0131nalara g\u00f6\u011f\u00fcs germi\u015f, hi\u00e7bir haks\u0131zl\u0131\u011fa boyun e\u011fmemi\u015f bir \u00e7\u0131nard\u0131r. Bizler, bu b\u00fcy\u00fck toplulu\u011fun neferleri olarak biliyoruz ki adalet i\u00e7in u\u011fra\u015fmak bir tercih de\u011fil zorunluluktur. Tarih, haks\u0131zl\u0131\u011fa sessiz kalanlar\u0131 de\u011fil, ona kar\u015f\u0131 dimdik duranlar\u0131 yazm\u0131\u015ft\u0131r. Trabzonspor, adaletin ve hakl\u0131 \u00e7aban\u0131n sars\u0131lmaz temsilcisidir. Pak ve adil bir futbol tertibi i\u00e7in gayret veriyoruz ve bu u\u011furda hi\u00e7bir y\u0131ld\u0131rma siyaseti yolumuzdan d\u00f6nd\u00fcremeyecektir&#8221;<\/strong> diye konu\u015ftu.<\/p>\n<p> <strong>&#8220;\u00d6N\u00dcM\u00dcZDEK\u0130 MAKSAT T\u00dcRK\u0130YE KUPASI&#8221;<\/strong><\/p>\n<p> Lider Do\u011fan, futbolcular ve teknik heyetin Trabzonspor&#8217;un tarihine bir kupa daha kazand\u0131racaklar\u0131na inand\u0131\u011f\u0131n\u0131 belirterek, <strong>&#8220;Elbette bu d\u00f6nem alandaki performans\u0131m\u0131z vakit zaman dalgalanmalar g\u00f6sterdi. Lakin her b\u00fcy\u00fck zafer, f\u0131rt\u0131nal\u0131 denizlerden ge\u00e7erek kazan\u0131l\u0131r. Tarihin en b\u00fcy\u00fck d\u00f6n\u00fc\u015f\u00fcmlerinin, en \u00e7etin u\u011fra\u015flar\u0131n akabinde geldi\u011fini tekraren kan\u0131tlam\u0131\u015ft\u0131r. Art\u0131k \u00f6n\u00fcm\u00fczde b\u00fcy\u00fck bir ama\u00e7 var: T\u00fcrkiye Kupas\u0131. Bu kutsal formay\u0131 terleten oyuncular\u0131m\u0131z ve teknik tak\u0131m\u0131m\u0131z, Trabzonspor tarihine bir kupa daha kazand\u0131rmak i\u00e7in sonuna kadar sava\u015facakt\u0131r<\/strong>&#8221; s\u00f6zlerini kulland\u0131.\u00a0<\/p>\n<p> <strong>&#8220;\u00d6N\u00dcM\u00dcZDE YEN\u0130 B\u0130R MEYDAN OKUMA VAR&#8221;<\/strong><\/p>\n<p> Ertu\u011frul Do\u011fan, U19 UEFA Gen\u00e7lik Ligi hakk\u0131nda da yapt\u0131\u011f\u0131 a\u00e7\u0131klamada, <strong>&#8220;Bug\u00fcn yeni bir destan\u0131n yeni sat\u0131rlar\u0131n\u0131 daima birlikte yaz\u0131yoruz. U19 ekibimiz, UEFA Gen\u00e7lik Ligi&#8217;nde Atalanta&#8217;y\u0131 ma\u011flup ederek \u00e7eyrek finale y\u00fckseldi. Alana y\u00fcre\u011fini koyan gen\u00e7lerimiz, Trabzonspor&#8217;un sars\u0131lmaz ruhunu, inanc\u0131n\u0131, karakterini, y\u00fcre\u011fini ve zekas\u0131n\u0131 t\u00fcm d\u00fcnyaya tekrar g\u00f6sterdi. Bu b\u00fcy\u00fck zaferde eme\u011fi ge\u00e7en t\u00fcm oyuncular\u0131m\u0131z\u0131, teknik tak\u0131m\u0131m\u0131z\u0131 ve altyap\u0131m\u0131z\u0131n g\u00f6r\u00fcnmez kahramanlar\u0131n\u0131 y\u00fcrekten kutluyorum. Onlar\u0131n azmi ve inanc\u0131, Trabzonspor&#8217;un gelece\u011finin ne kadar parlak oldu\u011funu kan\u0131tl\u0131yor. Art\u0131k \u00f6n\u00fcm\u00fczde Inter U19 grubu ile oynayaca\u011f\u0131m\u0131z yeni bir meydan okuma var&#8221;<\/strong> halinde konu\u015ftu.<\/p>\n<div>\u00a0<\/div>\n<\/div>\n<p><\/p>\n","protected":false},"excerpt":{"rendered":"<p>Trabzonspor Ba\u015fkan\u0131 Ertu\u011frul Do\u011fan, TFF&#8217;ye y\u00f6nelik tenkitlerde bulundu.<\/p>\n","protected":false},"author":1,"featured_media":34938,"comment_status":"open","ping_status":"open","sticky":false,"template":"","format":"standard","meta":{"footnotes":""},"categories":[25],"tags":[1777,1214,172,98,89],"class_list":["post-34937","post","type-post","status-publish","format-standard","has-post-thumbnail","hentry","category-futbol","tag-adalet","tag-dogan","tag-futbol","tag-trabzonspor","tag-turk"],"_links":{"self":[{"href":"https:\/\/haberbesiktas.tr\/index.php?rest_route=\/wp\/v2\/posts\/34937","targetHints":{"allow":["GET"]}}],"collection":[{"href":"https:\/\/haberbesiktas.tr\/index.php?rest_route=\/wp\/v2\/posts"}],"about":[{"href":"https:\/\/haberbesiktas.tr\/index.php?rest_route=\/wp\/v2\/types\/post"}],"author":[{"embeddable":true,"href":"https:\/\/haberbesiktas.tr\/index.php?rest_route=\/wp\/v2\/users\/1"}],"replies":[{"embeddable":true,"href":"https:\/\/haberbesiktas.tr\/index.php?rest_route=%2Fwp%2Fv2%2Fcomments&post=34937"}],"version-history":[{"count":1,"href":"https:\/\/haberbesiktas.tr\/index.php?rest_route=\/wp\/v2\/posts\/34937\/revisions"}],"predecessor-version":[{"id":34939,"href":"https:\/\/haberbesiktas.tr\/index.php?rest_route=\/wp\/v2\/posts\/34937\/revisions\/34939"}],"wp:featuredmedia":[{"embeddable":true,"href":"https:\/\/haberbesiktas.tr\/index.php?rest_route=\/wp\/v2\/media\/34938"}],"wp:attachment":[{"href":"https:\/\/haberbesiktas.tr\/index.php?rest_route=%2Fwp%2Fv2%2Fmedia&parent=34937"}],"wp:term":[{"taxonomy":"category","embeddable":true,"href":"https:\/\/haberbesiktas.tr\/index.php?rest_route=%2Fwp%2Fv2%2Fcategories&post=34937"},{"taxonomy":"post_tag","embeddable":true,"href":"https:\/\/haberbesiktas.tr\/index.php?rest_route=%2Fwp%2Fv2%2Ftags&post=34937"}],"curies":[{"name":"wp","href":"https:\/\/api.w.org\/{rel}","templated":true}]}}