{"id":34965,"date":"2025-06-05T01:24:31","date_gmt":"2025-06-05T01:24:31","guid":{"rendered":"https:\/\/haberbesiktas.tr\/?p=34965"},"modified":"2025-06-05T01:24:31","modified_gmt":"2025-06-05T01:24:31","slug":"super-ligde-antalya-derbisi-heyecani-yasanacak","status":"publish","type":"post","link":"https:\/\/haberbesiktas.tr\/?p=34965","title":{"rendered":"S\u00fcper Lig&#8217;de Antalya derbisi heyecan\u0131 ya\u015fanacak"},"content":{"rendered":"<div>Trendyol \u00dcst\u00fcn Lig&#8217;in 29. haftas\u0131nda Onvo Antalyaspor ile Corendon Alanyaspor, cuma g\u00fcn\u00fc kar\u015f\u0131 kar\u015f\u0131ya gelecek.<\/p>\n<p> Corendon Airlines Park Antalya Stad\u0131&#8217;nda saat 16.00&#8217;da ba\u015flayacak Antalya derbisini, hakem Burak Pakkan y\u00f6netecek.<\/p>\n<p> Antalyaspor, ligin geride kalan k\u0131sm\u0131nda 33 puan toplarken, Alanyaspor ise hanesine 31 puan yazd\u0131rd\u0131.<\/p>\n<p> Antalyaspor&#8217;da sar\u0131 kart cezal\u0131s\u0131 Thalisson ile sakatl\u0131klar\u0131 s\u00fcren Erdo\u011fan Ye\u015filyurt, Emre Uzun bu ma\u00e7ta forma giyemeyecek. Sakatl\u0131k s\u00fcrecinden ge\u00e7en Bahad\u0131r \u00d6zt\u00fcrk&#8217;\u00fcn tak\u0131mda yer al\u0131p almayaca\u011f\u0131 ise ma\u00e7 saatinde netlik kazanacak.<\/p>\n<p> Alanyaspor&#8217;da ise sakatl\u0131\u011f\u0131 s\u00fcren Buluthan Bulut, Antalyaspor m\u00fcsabakas\u0131nda vazife alamayacak. Sakatl\u0131\u011f\u0131 bulunan Hadergjonaj&#8217;\u0131n tak\u0131mda yer al\u0131p almayaca\u011f\u0131 ma\u00e7 g\u00fcn\u00fc muhakkak olacak.<\/p>\n<p> <strong>Bel\u00f6zo\u011flu ile Pereira, birincileri ya\u015fayacak<\/strong><\/p>\n<p> Antalyaspor teknik y\u00f6neticisi Emre Bel\u00f6zo\u011flu, birinci sefer Antalya derbisi heyecan\u0131 ya\u015fayacak.<\/p>\n<p> Alanyaspor&#8217;un yeni teknik y\u00f6neticisi Portekizli Joao Pereira ise turuncu-ye\u015filli tak\u0131m\u0131n ba\u015f\u0131nda birinci ma\u00e7\u0131na Antalya derbisinde \u00e7\u0131kacak.<\/p>\n<p> <strong>S\u00fcper Lig&#8217;de 18. randevu<\/strong><\/p>\n<p> Antalyaspor ile Alanyaspor, S\u00fcper Lig&#8217;de bug\u00fcne kadar 17 defa kar\u015f\u0131 kar\u015f\u0131ya geldi.<\/p>\n<p> Antalyaspor&#8217;un rakibine kar\u015f\u0131 galibiyetlerde 9-5 \u00fcst\u00fcnl\u00fc\u011f\u00fc bulunuyor. \u00dc\u00e7 u\u011fra\u015f ise beraberlikle sonu\u00e7land\u0131.<\/p>\n<p> Bu ma\u00e7larda Antalyaspor 27 gol atarken, Alanyaspor ise 20 golle kar\u015f\u0131l\u0131k verdi.<\/p>\n<p> Antalyaspor, Alanyaspor ile d\u00f6nemin birinci yar\u0131s\u0131nda yapt\u0131\u011f\u0131 kar\u015f\u0131la\u015fmay\u0131 2-1 kazand\u0131.<\/p>\n<\/div>\n<p><\/p>\n","protected":false},"excerpt":{"rendered":"<p>Trendyol S\u00fcper Lig&#8217;de Onvo Antalyaspor, cuma g\u00fcn\u00fc alan\u0131nda Corendon Alanyaspor&#8217;u konuk edecek.<\/p>\n","protected":false},"author":1,"featured_media":34966,"comment_status":"open","ping_status":"open","sticky":false,"template":"","format":"standard","meta":{"footnotes":""},"categories":[25],"tags":[296,256,50],"class_list":["post-34965","post","type-post","status-publish","format-standard","has-post-thumbnail","hentry","category-futbol","tag-alanyaspor","tag-antalyaspor","tag-mac"],"_links":{"self":[{"href":"https:\/\/haberbesiktas.tr\/index.php?rest_route=\/wp\/v2\/posts\/34965","targetHints":{"allow":["GET"]}}],"collection":[{"href":"https:\/\/haberbesiktas.tr\/index.php?rest_route=\/wp\/v2\/posts"}],"about":[{"href":"https:\/\/haberbesiktas.tr\/index.php?rest_route=\/wp\/v2\/types\/post"}],"author":[{"embeddable":true,"href":"https:\/\/haberbesiktas.tr\/index.php?rest_route=\/wp\/v2\/users\/1"}],"replies":[{"embeddable":true,"href":"https:\/\/haberbesiktas.tr\/index.php?rest_route=%2Fwp%2Fv2%2Fcomments&post=34965"}],"version-history":[{"count":1,"href":"https:\/\/haberbesiktas.tr\/index.php?rest_route=\/wp\/v2\/posts\/34965\/revisions"}],"predecessor-version":[{"id":34967,"href":"https:\/\/haberbesiktas.tr\/index.php?rest_route=\/wp\/v2\/posts\/34965\/revisions\/34967"}],"wp:featuredmedia":[{"embeddable":true,"href":"https:\/\/haberbesiktas.tr\/index.php?rest_route=\/wp\/v2\/media\/34966"}],"wp:attachment":[{"href":"https:\/\/haberbesiktas.tr\/index.php?rest_route=%2Fwp%2Fv2%2Fmedia&parent=34965"}],"wp:term":[{"taxonomy":"category","embeddable":true,"href":"https:\/\/haberbesiktas.tr\/index.php?rest_route=%2Fwp%2Fv2%2Fcategories&post=34965"},{"taxonomy":"post_tag","embeddable":true,"href":"https:\/\/haberbesiktas.tr\/index.php?rest_route=%2Fwp%2Fv2%2Ftags&post=34965"}],"curies":[{"name":"wp","href":"https:\/\/api.w.org\/{rel}","templated":true}]}}