{"id":35143,"date":"2025-06-05T13:00:21","date_gmt":"2025-06-05T13:00:21","guid":{"rendered":"https:\/\/haberbesiktas.tr\/?p=35143"},"modified":"2025-06-05T13:00:21","modified_gmt":"2025-06-05T13:00:21","slug":"david-de-gea-hayatimin-en-iyi-donemi","status":"publish","type":"post","link":"https:\/\/haberbesiktas.tr\/?p=35143","title":{"rendered":"David De Gea: &#8220;Hayat\u0131m\u0131n en iyi d\u00f6nemi&#8221;"},"content":{"rendered":"<div>Fiorentina&#8217;n\u0131n \u0130spanyol file bek\u00e7isi David De Gea, bir y\u0131l futboldan uzak kald\u0131\u011f\u0131 periyotla ilgili konu\u015ftu.<\/p>\n<p> De Gea, <strong>&#8220;Uzun y\u0131llar en \u00fcst d\u00fczeyde oynad\u0131ktan sonra biraz sakinle\u015fmek, sakin kalmak istedim. Muhtemelen hayat\u0131m\u0131n en \u00e2l\u00e2 devriydi. Son 15 y\u0131ld\u0131r s\u0131k g\u00f6remedi\u011fim ailem ve arkada\u015flar\u0131mla vakit ge\u00e7irdim. Madrid ve Manchester ortas\u0131nda seyahat ettim. Zihnimi ve v\u00fccudumu \u00e7al\u0131\u015ft\u0131rmaya devam ettim.&#8221;<\/strong> dedi.<\/p>\n<p> 34 ya\u015f\u0131ndaki file bek\u00e7isi, 2023 yaz\u0131nda Manchester United&#8217;dan ayr\u0131lmas\u0131n\u0131n akabinde bir y\u0131l bo\u015fta kalm\u0131\u015f ve akabinde 2024&#8217;te Fiorentina&#8217;ya imza atm\u0131\u015ft\u0131.<\/p>\n<\/div>\n<p><\/p>\n","protected":false},"excerpt":{"rendered":"<p>Fiorentina formas\u0131 giyen David De Gea, bir y\u0131l futbol oynamad\u0131\u011f\u0131 devrin hayat\u0131n\u0131n en d\u00fczg\u00fcn devri oldu\u011funu s\u00f6yledi.<\/p>\n","protected":false},"author":1,"featured_media":35144,"comment_status":"open","ping_status":"open","sticky":false,"template":"","format":"standard","meta":{"footnotes":""},"categories":[25],"tags":[],"class_list":["post-35143","post","type-post","status-publish","format-standard","has-post-thumbnail","hentry","category-futbol"],"_links":{"self":[{"href":"https:\/\/haberbesiktas.tr\/index.php?rest_route=\/wp\/v2\/posts\/35143","targetHints":{"allow":["GET"]}}],"collection":[{"href":"https:\/\/haberbesiktas.tr\/index.php?rest_route=\/wp\/v2\/posts"}],"about":[{"href":"https:\/\/haberbesiktas.tr\/index.php?rest_route=\/wp\/v2\/types\/post"}],"author":[{"embeddable":true,"href":"https:\/\/haberbesiktas.tr\/index.php?rest_route=\/wp\/v2\/users\/1"}],"replies":[{"embeddable":true,"href":"https:\/\/haberbesiktas.tr\/index.php?rest_route=%2Fwp%2Fv2%2Fcomments&post=35143"}],"version-history":[{"count":1,"href":"https:\/\/haberbesiktas.tr\/index.php?rest_route=\/wp\/v2\/posts\/35143\/revisions"}],"predecessor-version":[{"id":35145,"href":"https:\/\/haberbesiktas.tr\/index.php?rest_route=\/wp\/v2\/posts\/35143\/revisions\/35145"}],"wp:featuredmedia":[{"embeddable":true,"href":"https:\/\/haberbesiktas.tr\/index.php?rest_route=\/wp\/v2\/media\/35144"}],"wp:attachment":[{"href":"https:\/\/haberbesiktas.tr\/index.php?rest_route=%2Fwp%2Fv2%2Fmedia&parent=35143"}],"wp:term":[{"taxonomy":"category","embeddable":true,"href":"https:\/\/haberbesiktas.tr\/index.php?rest_route=%2Fwp%2Fv2%2Fcategories&post=35143"},{"taxonomy":"post_tag","embeddable":true,"href":"https:\/\/haberbesiktas.tr\/index.php?rest_route=%2Fwp%2Fv2%2Ftags&post=35143"}],"curies":[{"name":"wp","href":"https:\/\/api.w.org\/{rel}","templated":true}]}}