{"id":35164,"date":"2025-06-05T14:24:24","date_gmt":"2025-06-05T14:24:24","guid":{"rendered":"https:\/\/haberbesiktas.tr\/?p=35164"},"modified":"2025-06-05T14:24:24","modified_gmt":"2025-06-05T14:24:24","slug":"bodrum-fk-fenerbahce-muhtemel-11ler","status":"publish","type":"post","link":"https:\/\/haberbesiktas.tr\/?p=35164","title":{"rendered":"Bodrum FK &#8211; Fenerbah\u00e7e: Muhtemel 11&#8217;ler"},"content":{"rendered":"<div>Fenerbah\u00e7e, Trendyol Harika Lig&#8217;in 29. haftas\u0131nda Sipay Bodrum FK&#8217;yle deplasmanda kar\u015f\u0131la\u015facak.<\/p>\n<p> Grey Beton Bodrum Stad\u0131&#8217;nda oynanacak kar\u015f\u0131la\u015fma, saat 20.30&#8217;da ba\u015flayacak. M\u00fcsabakay\u0131 hakem Atilla Karao\u011flan y\u00f6netecek. Karao\u011flan&#8217;\u0131n yard\u0131mc\u0131l\u0131klar\u0131n\u0131 \u0130brahim \u00c7a\u011flar Uyarcan ve S\u00fcleyman \u00d6zay yapacak.<\/p>\n<p> Fenerbah\u00e7e taraftar\u0131, cezas\u0131 sebebiyle Bodrum deplasman\u0131nda kadrosunu yaln\u0131z b\u0131rakacak.<\/p>\n<p> Ligde son ma\u00e7\u0131nda taraftar\u0131 \u00f6n\u00fcnde Reeder Samsunspor ile gols\u00fcz berabere kalan Fenerbah\u00e7e, ma\u00e7 eksi\u011fiyle ba\u015fkan Galatasaray&#8217;\u0131n 9 puan gerisine d\u00fc\u015ft\u00fc. 26 lig ma\u00e7\u0131nda 19 galibiyet, 5 beraberlik ve 2 hezimet ya\u015fayan sar\u0131-lacivertliler, 62 puanla ikinci s\u0131rada bulunuyor.<\/p>\n<p>Sezonun birinci yar\u0131s\u0131nda \u0130stanbul&#8217;da oynanan ma\u00e7\u0131 Fenerbah\u00e7e 2-0 kazanm\u0131\u015ft\u0131.<\/p>\n<p> <strong>MUHTEMEL 11&#8217;LER<\/strong><\/p>\n<p> <strong>Bodrum FK:<\/strong> Kerem Yusuf Ersunar, Celustka, Ajeti, Ali Aytemir, Cenk \u015een, Musah Muhammed, Erkan De\u011fi\u015fmez, Ege Bilsel, Fredy, Okita, Pu\u015fca\u015f<\/p>\n<p> <strong>Fenerbah\u00e7e:<\/strong> Livakovic, Mert M\u00fcld\u00fcr, Skriniar, Djiku, O\u011fuz Ayd\u0131n, \u0130smail Y\u00fcksek, Szymanski, Kostic, Tadic, Talisca, Dzeko.<\/p>\n<p><img decoding=\"async\" src=\"https:\/\/haberbesiktas.tr\/wp-content\/uploads\/2025\/06\/bodrum-fk-fenerbahce-muhtemel-11ler-0-8V6J7pZc.jpg\"\/><\/p>\n<p> <strong>3 FUTBOLCU CEZA SINIRINDA<\/strong><\/p>\n<p> Fenerbah\u00e7e&#8217;de Sipay Bodrum FK ma\u00e7\u0131 \u00f6ncesinde 3 futbolcu, sar\u0131 kart ceza s\u0131n\u0131r\u0131nda bulunuyor.<\/p>\n<p> Ligde 3&#8217;er sar\u0131 kart g\u00f6ren Filip Kostic, \u0130rfan Can Kahveci ve Mert Hakan Yanda\u015f, bu ma\u00e7ta oynanacak u\u011fra\u015fta kart g\u00f6rmeleri halinde, bir sonraki lig ma\u00e7\u0131nda Trabzonspor&#8217;a kar\u015f\u0131 forma giyemeyecek.<\/p>\n<p> <strong>FENERBAH\u00c7E&#8217;N\u0130N EKS\u0130KLER\u0130<\/strong><\/p>\n<p> S\u00fcper Lig&#8217;de Bodrum FK ile deplasmanda kar\u015f\u0131la\u015facak Fenerbah\u00e7e, bu ma\u00e7\u0131n kamp tak\u0131m\u0131n\u0131 a\u00e7\u0131klad\u0131.<\/p>\n<p> Fenerbah\u00e7e&#8217;de ulusal grupta sakatlanan Edin Dzeko, kamp tak\u0131m\u0131na dahil edildi. Teknik y\u00f6netici Jose Mourinho ile sorun ya\u015famas\u0131n\u0131n akabinde Samsunspor ma\u00e7\u0131 tak\u0131m\u0131nda yer almayan Allan Saint-Maximin de kafileye dahil edildi.<\/p>\n<p> Fenerbah\u00e7e&#8217;de sakatl\u0131klar\u0131 s\u00fcren Fred, \u00c7a\u011flar S\u00f6y\u00fcnc\u00fc ve Diego Carlos, ma\u00e7 tak\u0131m\u0131nda yer alm\u0131yor.<\/p>\n<p> <strong>Fenerbah\u00e7e&#8217;nin Bodrum FK ma\u00e7\u0131n\u0131n tak\u0131m\u0131nda \u015fu isimler yer ald\u0131:<\/strong><\/p>\n<p> \u0130rfan Can E\u011fribayat, Dominik Livakovic, Ertu\u011frul \u00c7etin, Bright Osayi-Samuel, Mert M\u00fcld\u00fcr, Milan Skriniar, Alexander Djiku, Yusuf Ak\u00e7i\u00e7ek, Levent Mercan, Sofyan Amrabat, \u0130smail Y\u00fcksek, Mert Hakan Yanda\u015f, \u0130rfan Can Kahveci, Sebastian Szymanski, O\u011fuz Ayd\u0131n, Filip Kostic, Dusan Tadic, Allan Saint-Maximin, Anderson Talisca, Youssef En-Nesyri, Edin Dzeko, Cenk Tosun.<\/p>\n<p> <strong>DZEKO MASKEYLE OYNAYACAK<\/strong><\/p>\n<p> Bosna Hersek&#8217;in Romanya ile oynad\u0131\u011f\u0131 kar\u015f\u0131la\u015fmada burnu k\u0131r\u0131lan Edin Dzeko, bu ma\u00e7ta karbon maskeyle alanda olacak.<\/p>\n<p> Yurt d\u0131\u015f\u0131na transferi iptal olan Cenk Tosun&#8217;un da bu ma\u00e7la birlikte tak\u0131ma d\u00f6nmesi bekleniyor.<\/p>\n<p> <strong>DUSAN TADIC&#8217;IN DALYA MA\u00c7I<\/strong><\/p>\n<p> Fenerbah\u00e7e&#8217;nin S\u0131rp y\u0131ld\u0131z\u0131 Dusan Tadic, Sipay Bodrum FK u\u011fra\u015f\u0131yla sar\u0131-lacivertli forma alt\u0131ndaki 100. resmi ma\u00e7\u0131na \u00e7\u0131kmaya haz\u0131rlan\u0131yor.<\/p>\n<p> Ge\u00e7en d\u00f6nem ba\u015f\u0131nda Fenerbah\u00e7e&#8217;ye transfer olan Tadic, S\u00fcper Lig, Avrupa ve Ziraat T\u00fcrkiye Kupas\u0131&#8217;nda 99 resmi ma\u00e7ta forma giyerken, bu ma\u00e7ta dalya demesi halinde Fenerbah\u00e7e tarihinde ikinci d\u00f6neminde bunu ba\u015faran birinci futbolcu olacak.<\/p>\n<p> <strong>\u0130LK DEFA RAK\u0130P OLACAKLAR<\/strong><\/p>\n<p> Futbolseverlerin g\u00f6z\u00fcn\u00fcn \u00e7evrildi\u011fi u\u011fra\u015fta Fenerbah\u00e7e&#8217;nin d\u00fcnyaca \u00fcnl\u00fc \u00e7al\u0131\u015ft\u0131r\u0131c\u0131s\u0131 Jose Mourinho ile y\u0131llarca yard\u0131mc\u0131l\u0131\u011f\u0131n\u0131 yapan Bodrum FK Teknik Y\u00f6neticisi Jose Morais de birinci kere rakip olacak. <\/p>\n<p>Avrupa&#8217;n\u0131n dev kul\u00fcpleri Porto, Real Madrid, Inter ve Chelsea&#8217;de birlikte misyon yap\u0131p \u015eampiyonlar Ligi \u015fampiyonlu\u011fu ile UEFA Kupas\u0131 dahil kupa koleksiyonu yapan Portekizli ikili, Bodrum&#8217;da birbirlerine kar\u015f\u0131 puan sava\u015f\u0131 verecek. Bodrum FK, \u015fubat ay\u0131nda misyona gelen Morais y\u00f6netiminde ligde oynad\u0131\u011f\u0131 6 ma\u00e7ta hi\u00e7 gol yemeyip 4 galibiyet, 2 beraberlik alarak 30 puanla d\u00fc\u015fme s\u0131n\u0131r\u0131ndan \u00e7\u0131kt\u0131.<\/p>\n<p> Fenerbah\u00e7e ise 7 Aral\u0131k&#8217;taki Be\u015fikta\u015f randevusundan beri 12 ma\u00e7t\u0131r yenilmeyerek bu d\u00f6nemde 10 galibiyet, 2 beraberlik ald\u0131. Sar\u0131-lacivertli tak\u0131m Mourinho idaresinde ma\u00e7 eksi\u011fiyle ba\u015fkan Galatasaray&#8217;\u0131n 9 puan gerisinde 62 puanla ikinci s\u0131rada bulunuyor.<\/p>\n<\/div>\n<p><\/p>\n","protected":false},"excerpt":{"rendered":"<p>Fenerbah\u00e7e, S\u00fcper Lig&#8217;de Bodrum FK ile deplasmanda kar\u015f\u0131 kar\u015f\u0131ya gelecek.<\/p>\n","protected":false},"author":1,"featured_media":35165,"comment_status":"open","ping_status":"open","sticky":false,"template":"","format":"standard","meta":{"footnotes":""},"categories":[25],"tags":[99,219,115,51,50],"class_list":["post-35164","post","type-post","status-publish","format-standard","has-post-thumbnail","hentry","category-futbol","tag-bodrum-fk","tag-dzeko","tag-fenerbahce","tag-lig","tag-mac"],"_links":{"self":[{"href":"https:\/\/haberbesiktas.tr\/index.php?rest_route=\/wp\/v2\/posts\/35164","targetHints":{"allow":["GET"]}}],"collection":[{"href":"https:\/\/haberbesiktas.tr\/index.php?rest_route=\/wp\/v2\/posts"}],"about":[{"href":"https:\/\/haberbesiktas.tr\/index.php?rest_route=\/wp\/v2\/types\/post"}],"author":[{"embeddable":true,"href":"https:\/\/haberbesiktas.tr\/index.php?rest_route=\/wp\/v2\/users\/1"}],"replies":[{"embeddable":true,"href":"https:\/\/haberbesiktas.tr\/index.php?rest_route=%2Fwp%2Fv2%2Fcomments&post=35164"}],"version-history":[{"count":1,"href":"https:\/\/haberbesiktas.tr\/index.php?rest_route=\/wp\/v2\/posts\/35164\/revisions"}],"predecessor-version":[{"id":35167,"href":"https:\/\/haberbesiktas.tr\/index.php?rest_route=\/wp\/v2\/posts\/35164\/revisions\/35167"}],"wp:featuredmedia":[{"embeddable":true,"href":"https:\/\/haberbesiktas.tr\/index.php?rest_route=\/wp\/v2\/media\/35165"}],"wp:attachment":[{"href":"https:\/\/haberbesiktas.tr\/index.php?rest_route=%2Fwp%2Fv2%2Fmedia&parent=35164"}],"wp:term":[{"taxonomy":"category","embeddable":true,"href":"https:\/\/haberbesiktas.tr\/index.php?rest_route=%2Fwp%2Fv2%2Fcategories&post=35164"},{"taxonomy":"post_tag","embeddable":true,"href":"https:\/\/haberbesiktas.tr\/index.php?rest_route=%2Fwp%2Fv2%2Ftags&post=35164"}],"curies":[{"name":"wp","href":"https:\/\/api.w.org\/{rel}","templated":true}]}}