{"id":35171,"date":"2025-06-07T18:00:09","date_gmt":"2025-06-07T18:00:09","guid":{"rendered":"https:\/\/haberbesiktas.tr\/?p=35171"},"modified":"2025-06-07T18:00:09","modified_gmt":"2025-06-07T18:00:09","slug":"nbaden-avrupadaki-yeni-lig-projesi-icin-aciklama","status":"publish","type":"post","link":"https:\/\/haberbesiktas.tr\/?p=35171","title":{"rendered":"NBA&#8217;den Avrupa&#8217;daki yeni lig projesi i\u00e7in a\u00e7\u0131klama!"},"content":{"rendered":"<div>Amerikan Basketbol Ligi (NBA) Lideri Adam Silver, FIBA i\u015ftirakinde &#8220;Avrupa&#8217;da yeni lig&#8221; projesini hayata ge\u00e7irmek i\u00e7in haz\u0131r olduklar\u0131n\u0131 s\u00f6yledi.<\/p>\n<p> Avrupa&#8217;da lig kurma projesini, FIBA Genel Sekreteri Andreas Zagklis ile d\u00fczenledi\u011fi bas\u0131n toplant\u0131s\u0131nda duyuran Silver, <strong>&#8220;S\u0131radaki ad\u0131m\u0131 atmak i\u00e7in haz\u0131r\u0131z. FIBA i\u015ftirakinde Avrupa&#8217;da yeni lig i\u00e7in se\u00e7eneklerimizi ara\u015ft\u0131r\u0131yoruz. 12&#8217;si kal\u0131c\u0131, 4&#8217;\u00fc her y\u0131l de\u011fi\u015fecek formda 16 tak\u0131ml\u0131 bir lig olu\u015fturmay\u0131 d\u00fc\u015f\u00fcn\u00fcyoruz. Lakin de\u011fi\u015fiklikler olabilir. Kul\u00fcplerle devam eden g\u00f6r\u00fc\u015fmelerimiz var. Kimileri k\u00fcresel markalar lakin \u015fimdi muahede yok. Avrupa basketbolunun gelene\u011fine h\u00fcrmet g\u00f6sterece\u011fiz. \u0130ki sistemden de en yeterli \u00f6zellikleri alaca\u011f\u0131z. Yeni arenalar, yeni kul\u00fcpler olabilir.&#8221;<\/strong> s\u00f6zlerini kulland\u0131.<\/p>\n<p> Zagklis ise Avrupa&#8217;daki t\u00fcm kul\u00fcplerin FIBA kul\u00fcpleri oldu\u011funu belirterek <strong>&#8220;Amac\u0131m\u0131z en \u00e2l\u00e2 kul\u00fcplerimizi bir ortaya getirmek. Avrupa kul\u00fcp basketbolunda \u015fimdi ke\u015ffedilmemi\u015f bir potansiyel var. Avrupa&#8217;daki yeni lig, NBA&#8217;in ticari muvaffakiyetini FIBA&#8217;n\u0131n milletleraras\u0131 uzmanl\u0131\u011f\u0131yla birle\u015ftirip yeni seyirciler ve yat\u0131r\u0131mc\u0131lar\u0131 \u00e7ekerek kul\u00fcp \u00e7\u0131karlar\u0131n\u0131 en \u00fcst seviyeye \u00e7\u0131karacakt\u0131r.&#8221;<\/strong> de\u011ferlendirmesinde bulundu.<\/p>\n<p> Toplant\u0131da, kurulmas\u0131 planlanan yeni lige kat\u0131lacak ekiplerin lokal liglerinde gayret etmeyi s\u00fcrd\u00fcrece\u011fi aktar\u0131ld\u0131. Ekiplere, kelam konusu yeni lige dahil olabilmek i\u00e7in muvaffakiyete dayal\u0131 i\u015ftirak hakk\u0131 sunulaca\u011f\u0131 da kaydedildi.<\/p>\n<\/div>\n<p><\/p>\n","protected":false},"excerpt":{"rendered":"<p>NBA Lideri Adam Silver, &#8220;Avrupa&#8217;da lig kurma&#8221; projesini duyurdu. Silver, &#8220;S\u0131radaki ad\u0131m\u0131 atmak i\u00e7in haz\u0131r\u0131z. FIBA i\u015ftirakinde Avrupa&#8217;da yeni lig i\u00e7in se\u00e7eneklerimizi ara\u015ft\u0131r\u0131yoruz.&#8221; dedi.<\/p>\n","protected":false},"author":1,"featured_media":35172,"comment_status":"open","ping_status":"open","sticky":false,"template":"","format":"standard","meta":{"footnotes":""},"categories":[10],"tags":[2798,2799,756],"class_list":["post-35171","post","type-post","status-publish","format-standard","has-post-thumbnail","hentry","category-basketbol","tag-avrupada","tag-fiba","tag-kulupler"],"_links":{"self":[{"href":"https:\/\/haberbesiktas.tr\/index.php?rest_route=\/wp\/v2\/posts\/35171","targetHints":{"allow":["GET"]}}],"collection":[{"href":"https:\/\/haberbesiktas.tr\/index.php?rest_route=\/wp\/v2\/posts"}],"about":[{"href":"https:\/\/haberbesiktas.tr\/index.php?rest_route=\/wp\/v2\/types\/post"}],"author":[{"embeddable":true,"href":"https:\/\/haberbesiktas.tr\/index.php?rest_route=\/wp\/v2\/users\/1"}],"replies":[{"embeddable":true,"href":"https:\/\/haberbesiktas.tr\/index.php?rest_route=%2Fwp%2Fv2%2Fcomments&post=35171"}],"version-history":[{"count":1,"href":"https:\/\/haberbesiktas.tr\/index.php?rest_route=\/wp\/v2\/posts\/35171\/revisions"}],"predecessor-version":[{"id":35173,"href":"https:\/\/haberbesiktas.tr\/index.php?rest_route=\/wp\/v2\/posts\/35171\/revisions\/35173"}],"wp:featuredmedia":[{"embeddable":true,"href":"https:\/\/haberbesiktas.tr\/index.php?rest_route=\/wp\/v2\/media\/35172"}],"wp:attachment":[{"href":"https:\/\/haberbesiktas.tr\/index.php?rest_route=%2Fwp%2Fv2%2Fmedia&parent=35171"}],"wp:term":[{"taxonomy":"category","embeddable":true,"href":"https:\/\/haberbesiktas.tr\/index.php?rest_route=%2Fwp%2Fv2%2Fcategories&post=35171"},{"taxonomy":"post_tag","embeddable":true,"href":"https:\/\/haberbesiktas.tr\/index.php?rest_route=%2Fwp%2Fv2%2Ftags&post=35171"}],"curies":[{"name":"wp","href":"https:\/\/api.w.org\/{rel}","templated":true}]}}