{"id":35180,"date":"2025-06-07T18:36:11","date_gmt":"2025-06-07T18:36:11","guid":{"rendered":"https:\/\/haberbesiktas.tr\/?p=35180"},"modified":"2025-06-07T18:36:11","modified_gmt":"2025-06-07T18:36:11","slug":"victor-osimhenden-besiktas-derbisi-oncesi-gol-sozu","status":"publish","type":"post","link":"https:\/\/haberbesiktas.tr\/?p=35180","title":{"rendered":"Victor Osimhen&#8217;den Be\u015fikta\u015f derbisi \u00f6ncesi gol s\u00f6z\u00fc!"},"content":{"rendered":"<div>Galatasaray&#8217;\u0131n ba\u015far\u0131l\u0131 golc\u00fcs\u00fc Victor Osimhen, Be\u015fikta\u015f derbisi \u00f6ncesinde hem \u00e7ok formda hem \u00e7ok tezli.<\/p>\n<p> D\u00fcn Nijerya Ulusal Ekibi&#8217;nden d\u00f6nen ve gelmeden evvel iki ma\u00e7ta 2 gol atan ba\u015far\u0131l\u0131 futbolcu, T\u00fcrkiye&#8217;de hem gol krall\u0131\u011f\u0131n\u0131 hem de \u015fampiyonlu\u011fu istiyor.<\/p>\n<p><strong>GOL KELAMI VERD\u0130<\/strong><\/p>\n<p> Ligin birinci yar\u0131s\u0131nda RAMS Park&#8217;taki Galatasaray- Be\u015fikta\u015f derbisinde rakip filelere bir gol b\u0131rakarak galibiyette de\u011ferli rol oynayan Osimhen, arkada\u015flar\u0131na tekrar gol kelam\u0131 verdi.<\/p>\n<p> D\u00f6nem sonunda bitecek kiral\u0131k mukavelesine kadar b\u00fcsb\u00fct\u00fcn gollerine ve \u015fampiyonlu\u011fa odaklanan ba\u015far\u0131l\u0131 oyuncu, grup arkada\u015flar\u0131yla yapt\u0131\u011f\u0131 konu\u015fmada birinci yar\u0131da oldu\u011fu \u00fczere gol ataca\u011f\u0131na inand\u0131\u011f\u0131n\u0131 s\u00f6yledi.<\/p>\n<p> <strong>TAKIMIN SKOR Y\u00dcK\u00dcN\u00dc \u00c7EK\u0130YOR<\/strong><\/p>\n<p> Bu sezon S\u00fcper Lig&#8217;de oynad\u0131\u011f\u0131 22 ma\u00e7ta 20 sevinci ya\u015fayan Nijeryal\u0131 futbolcu, UEFA Avrupa Ligi&#8217;nde de 6 gole imzas\u0131n\u0131 atarak ekibinin skor y\u00fck\u00fcn\u00fc \u00e7ekmeyi ba\u015fard\u0131.<\/p>\n<p> <strong>B\u0130BLOLAR SATI\u015eA \u00c7IKTI<\/strong><\/p>\n<p> G.Saray&#8217;\u0131n golc\u00fc oyuncular\u0131 ve ikonikle\u015fen iki isim Icardi ile Osimhen&#8217;in biblolar\u0131 sat\u0131\u015fa \u00e7\u0131kart\u0131ld\u0131. GS Store ma\u011fazalar\u0131nda taraftarlar\u0131n sat\u0131\u015f\u0131na sunulan biblolar futbolseverlerden tam not ald\u0131 ve k\u0131sa m\u00fcddet i\u00e7erisinde b\u00fcy\u00fck bir ilgi olu\u015ftu. M\u00fcmk\u00fcn Osimhen transferinde taraftarlar\u0131n b\u00fcy\u00fck bir izdiham yaratmas\u0131 bekleniyor.\u00a0<\/p>\n<div>\u00a0<\/div>\n<\/div>\n<p><\/p>\n","protected":false},"excerpt":{"rendered":"<p>Ligin birinci yar\u0131s\u0131nda Be\u015fikta\u015f&#8217;\u0131 y\u0131kan isim olan Victor Osimhen, derbi \u00f6ncesinde tekrar \u00e7ok tezli ve rakibine gol ataca\u011f\u0131na inan\u0131yor.<\/p>\n","protected":false},"author":1,"featured_media":35181,"comment_status":"open","ping_status":"open","sticky":false,"template":"","format":"standard","meta":{"footnotes":""},"categories":[25],"tags":[77],"class_list":["post-35180","post","type-post","status-publish","format-standard","has-post-thumbnail","hentry","category-futbol","tag-gol"],"_links":{"self":[{"href":"https:\/\/haberbesiktas.tr\/index.php?rest_route=\/wp\/v2\/posts\/35180","targetHints":{"allow":["GET"]}}],"collection":[{"href":"https:\/\/haberbesiktas.tr\/index.php?rest_route=\/wp\/v2\/posts"}],"about":[{"href":"https:\/\/haberbesiktas.tr\/index.php?rest_route=\/wp\/v2\/types\/post"}],"author":[{"embeddable":true,"href":"https:\/\/haberbesiktas.tr\/index.php?rest_route=\/wp\/v2\/users\/1"}],"replies":[{"embeddable":true,"href":"https:\/\/haberbesiktas.tr\/index.php?rest_route=%2Fwp%2Fv2%2Fcomments&post=35180"}],"version-history":[{"count":1,"href":"https:\/\/haberbesiktas.tr\/index.php?rest_route=\/wp\/v2\/posts\/35180\/revisions"}],"predecessor-version":[{"id":35182,"href":"https:\/\/haberbesiktas.tr\/index.php?rest_route=\/wp\/v2\/posts\/35180\/revisions\/35182"}],"wp:featuredmedia":[{"embeddable":true,"href":"https:\/\/haberbesiktas.tr\/index.php?rest_route=\/wp\/v2\/media\/35181"}],"wp:attachment":[{"href":"https:\/\/haberbesiktas.tr\/index.php?rest_route=%2Fwp%2Fv2%2Fmedia&parent=35180"}],"wp:term":[{"taxonomy":"category","embeddable":true,"href":"https:\/\/haberbesiktas.tr\/index.php?rest_route=%2Fwp%2Fv2%2Fcategories&post=35180"},{"taxonomy":"post_tag","embeddable":true,"href":"https:\/\/haberbesiktas.tr\/index.php?rest_route=%2Fwp%2Fv2%2Ftags&post=35180"}],"curies":[{"name":"wp","href":"https:\/\/api.w.org\/{rel}","templated":true}]}}