{"id":35313,"date":"2025-06-08T03:36:06","date_gmt":"2025-06-08T03:36:06","guid":{"rendered":"https:\/\/haberbesiktas.tr\/?p=35313"},"modified":"2025-06-08T03:36:06","modified_gmt":"2025-06-08T03:36:06","slug":"downhill-sporculari-erciyesin-karla-kapli-pistlerinde-guc-depoluyor","status":"publish","type":"post","link":"https:\/\/haberbesiktas.tr\/?p=35313","title":{"rendered":"Downhill sporcular\u0131 Erciyes&#8217;in karla kapl\u0131 pistlerinde g\u00fc\u00e7 depoluyor"},"content":{"rendered":"<p>Kayseri&#8217;deki downhill (yoku\u015f a\u015fa\u011f\u0131 da\u011f bisikleti) atletleri, Erciyes&#8217;in 2 bin 200 ile 2 bin 939 metre y\u00fcksekli\u011findeki pistlerinde g\u00fc\u00e7 depoluyor.<\/p>\n<p> T\u00fcrkiye&#8217;nin farkl\u0131 vilayetlerinde d\u00fczenlenen downhill \u015fampiyonalar\u0131na haz\u0131rlanan bisiklet\u00e7iler, kar\u015f\u0131la\u015fmalarda daha diren\u00e7li olmak i\u00e7in Erciyes&#8217;in pistlerinde haz\u0131rl\u0131klar\u0131na devam ediyor.<\/p>\n<p> Macera tutkunu downhill atletleri, toplam 112 kilometre pist uzunlu\u011funa sahip Erciyes&#8217;in k\u0131vr\u0131ml\u0131 ve kuvvetli pistlerinde adrenalin dolu dakikalar ya\u015f\u0131yor.<\/p>\n<p> Erciyes Da\u011f\u0131&#8217;n\u0131n eteklerinde performanslar\u0131n\u0131 art\u0131rmak i\u00e7in kamp da yapan bisiklet\u00e7iler, a\u011f\u0131r tempoda \u00e7al\u0131\u015f\u0131yor.<\/p>\n<p> Atletlerden Kadir \u0130bi\u015f, AA muhabirine, bisikletle ya\u015famay\u0131 sevdi\u011fini ve 19 ya\u015f\u0131nda olmas\u0131na kar\u015f\u0131n bir\u00e7ok kar\u015f\u0131la\u015fmaya kat\u0131ld\u0131\u011f\u0131n\u0131 s\u00f6yledi.<\/p>\n<p> T\u00fcrkiye \u015fampiyonlu\u011funun yan\u0131 s\u0131ra de\u011ferli dereceler de elde etti\u011fini vurgulayan \u0130bi\u015f, idmanlar\u0131n\u0131 g\u00fc\u00e7l\u00fc yollarda yapt\u0131\u011f\u0131n\u0131 belirtti.<\/p>\n<p> \u0130dmanlar\u0131na da\u011fda yahut kentte devam ettiklerini lisana getiren \u0130bi\u015f, &#8220;Fark etmiyor yani. Da\u011fda olacaksa toprak topraklara \u00e7\u0131k\u0131yoruz. Erciyes&#8217;te zati bisiklet parkuru var. Buralarda idman yap\u0131yoruz. Kent i\u00e7inde de merdivenlerden bile iniyoruz. K\u0131\u015f\u0131n kar \u00fcst\u00fcnde bisiklet yar\u0131\u015flar\u0131 oluyor. Ona haz\u0131rlanmak i\u00e7in de Kayseri&#8217;de ya\u015fad\u0131\u011f\u0131m\u0131z i\u00e7in Erciyes&#8217;i tercih ediyoruz. Erciyes Kayak Merkezi de bize imkanlar\u0131 sa\u011fl\u0131yor. Erciyes Kayak Merkezi&#8217;nin Ottoman ve Divan pistleri ile siyah ve k\u0131rm\u0131z\u0131 pistleri mevcut. Pistlerin e\u011fimli d\u00f6n\u00fc\u015fleri, virajlar\u0131, uzunlu\u011fu bize yard\u0131mc\u0131 oluyor.&#8221; diye konu\u015ftu.<\/p>\n<p> \u0130bi\u015f, Antalya&#8217;n\u0131n Kemer il\u00e7esinde d\u00fczenlenecek Enduro Bisiklet Yar\u0131\u015flar\u0131&#8217;na Erciyes&#8217;te haz\u0131rland\u0131\u011f\u0131n\u0131 belirterek, yar\u0131\u015fta derece elde etmek istedi\u011fini lisana getirdi.<\/p>\n<p> <strong>&#8211; Abdurrahim D\u00f6nmez: &#8220;Kar\u0131n \u00fcst\u00fcnde inmek e\u011flenceli de oluyor&#8221;<\/strong><\/p>\n<p> Bir \u00f6teki atlet Abdurrahim D\u00f6nmez ise da\u011fda, kentte, kuvvetli yollar\u0131n yan\u0131 s\u0131ra Erciyes Kayak Merkezi&#8217;nde de idmanlar\u0131n\u0131 s\u00fcrd\u00fcrd\u00fcklerini tabir etti.<\/p>\n<p> Erciyes&#8217;in karl\u0131 pistlerinin sporlar\u0131 i\u00e7in b\u00fcy\u00fck bir nimet oldu\u011funu kaydeden D\u00f6nmez, farkl\u0131 vakitlerde Erzurum Paland\u00f6ken&#8217;de de haz\u0131rl\u0131k yapt\u0131klar\u0131n\u0131 belirtti.<\/p>\n<p> K\u0131\u015f\u0131n kar\u0131n \u00fcst\u00fcnde bulunan rampalarda da idmanlar\u0131n\u0131 s\u00fcrd\u00fcrd\u00fcklerini vurgulayan D\u00f6nmez, &#8220;Zorlay\u0131c\u0131 taraf\u0131 lastikler kay\u0131yor. Lastikler kay\u0131yor ancak o bize istikrar oluyor. Dengeyi \u00e7\u00f6z\u00fcyoruz. O y\u00fczden kar\u015f\u0131la\u015fmalarda yarar\u0131 oluyor. Kar\u0131n \u00fcst\u00fcnde inmek e\u011flenceli de oluyor.&#8221; dedi.<\/p>\n<p> D\u00f6nmez, kayak da yapt\u0131\u011f\u0131n\u0131 lakin bisikletle pistlerde giderken daha \u00e7ok zevk ald\u0131\u011f\u0131n\u0131 tabir ederek, Uluda\u011f&#8217;da da haz\u0131rl\u0131k yapmak istedi\u011fini kelamlar\u0131na ekledi.<\/p>\n","protected":false},"excerpt":{"rendered":"<p>Kayseri&#8217;deki yoku\u015f a\u015fa\u011f\u0131 da\u011f bisiklet atletleri Erciyes&#8217;in tepeye yak\u0131n alanlar\u0131ndaki \u015fiddetli pistlerde idmanlar\u0131n\u0131 s\u00fcrd\u00fcr\u00fcyor.<\/p>\n","protected":false},"author":1,"featured_media":35314,"comment_status":"open","ping_status":"open","sticky":false,"template":"","format":"standard","meta":{"footnotes":""},"categories":[27],"tags":[489,2804,521,81,1589],"class_list":["post-35313","post","type-post","status-publish","format-standard","has-post-thumbnail","hentry","category-guncel-haberler","tag-bisiklet","tag-donmez","tag-erciyes","tag-kar","tag-pist"],"_links":{"self":[{"href":"https:\/\/haberbesiktas.tr\/index.php?rest_route=\/wp\/v2\/posts\/35313","targetHints":{"allow":["GET"]}}],"collection":[{"href":"https:\/\/haberbesiktas.tr\/index.php?rest_route=\/wp\/v2\/posts"}],"about":[{"href":"https:\/\/haberbesiktas.tr\/index.php?rest_route=\/wp\/v2\/types\/post"}],"author":[{"embeddable":true,"href":"https:\/\/haberbesiktas.tr\/index.php?rest_route=\/wp\/v2\/users\/1"}],"replies":[{"embeddable":true,"href":"https:\/\/haberbesiktas.tr\/index.php?rest_route=%2Fwp%2Fv2%2Fcomments&post=35313"}],"version-history":[{"count":1,"href":"https:\/\/haberbesiktas.tr\/index.php?rest_route=\/wp\/v2\/posts\/35313\/revisions"}],"predecessor-version":[{"id":35315,"href":"https:\/\/haberbesiktas.tr\/index.php?rest_route=\/wp\/v2\/posts\/35313\/revisions\/35315"}],"wp:featuredmedia":[{"embeddable":true,"href":"https:\/\/haberbesiktas.tr\/index.php?rest_route=\/wp\/v2\/media\/35314"}],"wp:attachment":[{"href":"https:\/\/haberbesiktas.tr\/index.php?rest_route=%2Fwp%2Fv2%2Fmedia&parent=35313"}],"wp:term":[{"taxonomy":"category","embeddable":true,"href":"https:\/\/haberbesiktas.tr\/index.php?rest_route=%2Fwp%2Fv2%2Fcategories&post=35313"},{"taxonomy":"post_tag","embeddable":true,"href":"https:\/\/haberbesiktas.tr\/index.php?rest_route=%2Fwp%2Fv2%2Ftags&post=35313"}],"curies":[{"name":"wp","href":"https:\/\/api.w.org\/{rel}","templated":true}]}}