{"id":35316,"date":"2025-06-08T03:48:06","date_gmt":"2025-06-08T03:48:06","guid":{"rendered":"https:\/\/haberbesiktas.tr\/?p=35316"},"modified":"2025-06-08T03:48:06","modified_gmt":"2025-06-08T03:48:06","slug":"depremde-yitirdigi-sporcularin-acisini-gencleri-sampiyonalara-hazirlayarak-hafifletiyor","status":"publish","type":"post","link":"https:\/\/haberbesiktas.tr\/?p=35316","title":{"rendered":"Depremde yitirdi\u011fi sporcular\u0131n ac\u0131s\u0131n\u0131, gen\u00e7leri \u015fampiyonalara haz\u0131rlayarak hafifletiyor"},"content":{"rendered":"<p>Hatay&#8217;\u0131n \u0130skenderun il\u00e7esinde sars\u0131nt\u0131larda 19 sportmenini ve iki salonunu kaybeden muaythai antren\u00f6r\u00fc Serdar Keskin, ac\u0131s\u0131n\u0131 yeni yetenekleri \u015fampiyonalara haz\u0131rlayarak hafifletiyor.<\/p>\n<p> Kahramanmara\u015f merkezli 6 \u015eubat 2023&#8217;teki sars\u0131nt\u0131larda muaythai antren\u00f6r\u00fc Keskin&#8217;in, 16 y\u0131ldan bu yana hizmet verdi\u011fi salonu ile afetten bir g\u00fcn evvel a\u00e7\u0131l\u0131\u015f\u0131n\u0131 yapt\u0131\u011f\u0131 yeni yeri y\u0131k\u0131ld\u0131.<\/p>\n<p> Keskin, salonunda \u015fampiyonalara haz\u0131rlanan 19 sporcunu da sars\u0131nt\u0131larda kaybetti.<\/p>\n<p> Afetin akabinde hem \u00f6\u011frencileri hem de i\u015f yerlerinin y\u0131k\u0131lmas\u0131 nedeniyle b\u00fcy\u00fck h\u00fcz\u00fcn ya\u015fayan Keskin, ac\u0131lar\u0131na kar\u015f\u0131n geride kalan \u00e7ocuklara moral verebilmek i\u00e7in \u00e7ad\u0131r kentte idmanlara ba\u015flad\u0131.<\/p>\n<p> Bir m\u00fchlet \u00e7al\u0131\u015fmalar\u0131na bu halde devam eden Keskin, vakitle \u00f6\u011frenci say\u0131s\u0131n\u0131n daha da artmas\u0131yla kiralad\u0131\u011f\u0131 yere prefabrik bir salon kurdu.<\/p>\n<p> \u015eu an salonunda 150 \u00f6\u011frenciyle \u00e7al\u0131\u015fmalar\u0131n\u0131 s\u00fcrd\u00fcren Keskin, gen\u00e7 yetenekleri \u015fampiyonalara haz\u0131rl\u0131yor.<\/p>\n<p> <strong>&#8211; &#8220;\u00c7ocuklarla bir arada her \u015feyi atlatt\u0131m&#8221;<\/strong><\/p>\n<p> Antren\u00f6r Serdar Keskin, AA muhabirine, ac\u0131lar\u0131n\u0131 \u00f6\u011frencileriyle idman yaparak hafifletti\u011fini s\u00f6yledi.<\/p>\n<p> Sars\u0131nt\u0131da 19 \u00f6\u011frencisini kaybetti\u011fini ve ya\u015fad\u0131\u011f\u0131 ac\u0131n\u0131n tan\u0131m\u0131n\u0131n olmad\u0131\u011f\u0131n\u0131 anlatan Keskin, &#8220;\u00d6\u011frencilerimin kald\u0131klar\u0131 yerlere gittim, konutlar\u0131 enkaz olmu\u015ftu. Sa\u011f kalan \u00f6\u011frencilerimin hepsine ula\u015ft\u0131m. Onlar\u0131n psikolojilerinin d\u00fczelebilmesi i\u00e7in \u00e7al\u0131\u015fma ba\u015flatt\u0131m. \u00c7ad\u0131rlar kurulduktan sonra kendi gayretimle bir \u00e7ad\u0131r\u0131n i\u00e7ine spor yapaca\u011f\u0131m\u0131z bir alan yaratt\u0131m.&#8221; diye konu\u015ftu.<\/p>\n<p> Keskin, \u00e7ad\u0131r kentin akabinde \u00f6\u011frencileriyle olu\u015fturdu\u011fu prefabrik salonda \u015fu anda \u00e7al\u0131\u015fmalar\u0131n\u0131 s\u00fcrd\u00fcrd\u00fcklerini lisana getirdi.<\/p>\n<p> \u00d6\u011frencileriyle birbirlerine dayanak olarak zelzelenin ac\u0131s\u0131n\u0131 unutmaya \u00e7al\u0131\u015ft\u0131klar\u0131n\u0131 anlatan Keskin, \u015funlar\u0131 kaydetti:<\/p>\n<p> &#8220;\u00c7ocuklarla bir arada her \u015feyi atlatt\u0131m. Birden fazla elimde b\u00fcy\u00fcd\u00fc. Sa\u011f olsunlar hepsi geldi, yard\u0131mc\u0131 oldu, e\u015fyalar\u0131 ta\u015f\u0131d\u0131k. Hepsi seferber oldu. Daima bir arada buray\u0131 kurduk. Burada idmanlar\u0131m\u0131za devam ediyoruz. M\u00fcsabakalara kat\u0131ld\u0131k ve ho\u015f bir sonu\u00e7 ald\u0131k. Bu y\u0131l 3 atletimi T\u00fcrkiye \u015eampiyonas\u0131&#8217;na g\u00f6t\u00fcrece\u011fim. T\u00fcrkiye \u015eampiyonas\u0131&#8217;nda derece yapt\u0131ktan sonra d\u00fcnya \u015fampiyonas\u0131na gitmeye hak kazanacaklar, ulusal gruba girecekler. \u00c7ocuklar\u0131 ho\u015f yerlere getirmek \u00e7ok ho\u015f bir his.&#8221;<\/p>\n<p> <strong>&#8211; Sportmenler i\u00e7in de teselli oldu<\/strong><\/p>\n<p> Atletlerden 15 ya\u015f\u0131ndaki Hamit Baran K\u00fc\u00e7\u00fck de muaythai idmanlar\u0131 sayesinde sars\u0131nt\u0131 travmas\u0131n\u0131 atlatmaya \u00e7al\u0131\u015ft\u0131\u011f\u0131n\u0131 belirtti.<\/p>\n<p> \u00d6\u011frencilerden U\u011fur Kanuncu (15) sars\u0131nt\u0131lar\u0131n akabinde antren\u00f6r\u00fc Keskin&#8217;in hem maddi hem de manevi dayana\u011f\u0131n\u0131 g\u00f6rd\u00fc\u011f\u00fcn\u00fc anlatt\u0131.<\/p>\n<p> T\u00fcrkiye \u015fampiyonlu\u011fu i\u00e7in antren\u00f6r\u00fcyle a\u011f\u0131r bir bi\u00e7imde \u00e7al\u0131\u015ft\u0131klar\u0131n\u0131 s\u00f6z eden Kanuncu, &#8220;T\u00fcrkiye&#8217;de \u015fampiyonluk kazan\u0131p, d\u00fcnya \u015fampiyonlu\u011funu hedefliyorum. Ulusal kadroya girmek istiyorum. D\u00fcnya \u015fampiyonas\u0131nda \u00fclkemi temsil etmek ve gururland\u0131rmak istiyorum.&#8221; dedi.<\/p>\n<p> K\u0131van\u00e7 Sakall\u0131 (15) da sars\u0131nt\u0131lar\u0131n akabinde evvel \u00e7ad\u0131rda art\u0131k ise salonda idmanlar\u0131n\u0131 aral\u0131ks\u0131z s\u00fcrd\u00fcrd\u00fc\u011f\u00fcn\u00fc ve bunun ya\u015fad\u0131\u011f\u0131 ac\u0131lar\u0131 hafifletmesi ismine kendisine \u00e7ok uygun geldi\u011fini kaydetti.<\/p>\n","protected":false},"excerpt":{"rendered":"<p>Hatay&#8217;da sars\u0131nt\u0131larda hem atletlerini hem de i\u015f yerini kaybeden muaythai antren\u00f6r\u00fc Serdar Keskin, prefabrike salonunda yeni yetenekleri ke\u015ffetmeyi s\u00fcrd\u00fcr\u00fcyor.<\/p>\n","protected":false},"author":1,"featured_media":35317,"comment_status":"open","ping_status":"open","sticky":false,"template":"","format":"standard","meta":{"footnotes":""},"categories":[27],"tags":[576,2805,2760,1788,65],"class_list":["post-35316","post","type-post","status-publish","format-standard","has-post-thumbnail","hentry","category-guncel-haberler","tag-deprem","tag-keskin","tag-ogrencileri","tag-salon","tag-spor"],"_links":{"self":[{"href":"https:\/\/haberbesiktas.tr\/index.php?rest_route=\/wp\/v2\/posts\/35316","targetHints":{"allow":["GET"]}}],"collection":[{"href":"https:\/\/haberbesiktas.tr\/index.php?rest_route=\/wp\/v2\/posts"}],"about":[{"href":"https:\/\/haberbesiktas.tr\/index.php?rest_route=\/wp\/v2\/types\/post"}],"author":[{"embeddable":true,"href":"https:\/\/haberbesiktas.tr\/index.php?rest_route=\/wp\/v2\/users\/1"}],"replies":[{"embeddable":true,"href":"https:\/\/haberbesiktas.tr\/index.php?rest_route=%2Fwp%2Fv2%2Fcomments&post=35316"}],"version-history":[{"count":1,"href":"https:\/\/haberbesiktas.tr\/index.php?rest_route=\/wp\/v2\/posts\/35316\/revisions"}],"predecessor-version":[{"id":35318,"href":"https:\/\/haberbesiktas.tr\/index.php?rest_route=\/wp\/v2\/posts\/35316\/revisions\/35318"}],"wp:featuredmedia":[{"embeddable":true,"href":"https:\/\/haberbesiktas.tr\/index.php?rest_route=\/wp\/v2\/media\/35317"}],"wp:attachment":[{"href":"https:\/\/haberbesiktas.tr\/index.php?rest_route=%2Fwp%2Fv2%2Fmedia&parent=35316"}],"wp:term":[{"taxonomy":"category","embeddable":true,"href":"https:\/\/haberbesiktas.tr\/index.php?rest_route=%2Fwp%2Fv2%2Fcategories&post=35316"},{"taxonomy":"post_tag","embeddable":true,"href":"https:\/\/haberbesiktas.tr\/index.php?rest_route=%2Fwp%2Fv2%2Ftags&post=35316"}],"curies":[{"name":"wp","href":"https:\/\/api.w.org\/{rel}","templated":true}]}}