{"id":35383,"date":"2025-06-08T08:12:07","date_gmt":"2025-06-08T08:12:07","guid":{"rendered":"https:\/\/haberbesiktas.tr\/?p=35383"},"modified":"2025-06-08T08:12:07","modified_gmt":"2025-06-08T08:12:07","slug":"daniel-alvese-beraat-cikti","status":"publish","type":"post","link":"https:\/\/haberbesiktas.tr\/?p=35383","title":{"rendered":"Daniel Alves&#8217;e beraat \u00e7\u0131kt\u0131!"},"content":{"rendered":"<div>Cinsel taarruz davas\u0131ndan yarg\u0131lanan ve tutuklu durumda bulunan Brezilyal\u0131 eski y\u0131ld\u0131z Daniel Alves hakk\u0131nda karar \u00e7\u0131kt\u0131.<\/p>\n<p> Alves, Katalonya Y\u00fcksek Adalet Mahmekesi Temyiz Dairesi taraf\u0131ndan verilen kararla cinsel atak davas\u0131ndan beraat etti.<\/p>\n<p> Temyiz Mahmekesi&#8217;nde \u00fc\u00e7 bayan ve bir erkekten olu\u015fan heyet, Alves&#8217;i su\u00e7layan gen\u00e7 bayan\u0131n Brezilyal\u0131 eski futbolcu hakk\u0131ndaki tabirinin Alves&#8217;in mahkumiyeti i\u00e7in k\u00e2fi olmad\u0131\u011f\u0131na ve bu durumda masumiyet mesle\u011finin ge\u00e7erli oldu\u011fu sonucuna oy birli\u011fiyle vard\u0131.<\/p>\n<p> Ocak 2023&#8217;te cinsel h\u00fccum davas\u0131 nedeniyle tutuklanan Daniel Alves, \u015eubat 2024&#8217;te ise cinsel h\u00fccumdan hatal\u0131 bulunmu\u015f ve hakk\u0131nda d\u00f6rt bu\u00e7uk y\u0131l mahpus cezas\u0131 verilmi\u015fti.<\/p>\n<\/div>\n<p><\/p>\n","protected":false},"excerpt":{"rendered":"<p>Brezilyal\u0131 eski y\u0131ld\u0131z Daniel Alves, temyiz davas\u0131n\u0131 kazand\u0131 ve cinsel su\u00e7lamas\u0131ndan beraat etti.<\/p>\n","protected":false},"author":1,"featured_media":35384,"comment_status":"open","ping_status":"open","sticky":false,"template":"","format":"standard","meta":{"footnotes":""},"categories":[25],"tags":[829],"class_list":["post-35383","post","type-post","status-publish","format-standard","has-post-thumbnail","hentry","category-futbol","tag-alves"],"_links":{"self":[{"href":"https:\/\/haberbesiktas.tr\/index.php?rest_route=\/wp\/v2\/posts\/35383","targetHints":{"allow":["GET"]}}],"collection":[{"href":"https:\/\/haberbesiktas.tr\/index.php?rest_route=\/wp\/v2\/posts"}],"about":[{"href":"https:\/\/haberbesiktas.tr\/index.php?rest_route=\/wp\/v2\/types\/post"}],"author":[{"embeddable":true,"href":"https:\/\/haberbesiktas.tr\/index.php?rest_route=\/wp\/v2\/users\/1"}],"replies":[{"embeddable":true,"href":"https:\/\/haberbesiktas.tr\/index.php?rest_route=%2Fwp%2Fv2%2Fcomments&post=35383"}],"version-history":[{"count":1,"href":"https:\/\/haberbesiktas.tr\/index.php?rest_route=\/wp\/v2\/posts\/35383\/revisions"}],"predecessor-version":[{"id":35385,"href":"https:\/\/haberbesiktas.tr\/index.php?rest_route=\/wp\/v2\/posts\/35383\/revisions\/35385"}],"wp:featuredmedia":[{"embeddable":true,"href":"https:\/\/haberbesiktas.tr\/index.php?rest_route=\/wp\/v2\/media\/35384"}],"wp:attachment":[{"href":"https:\/\/haberbesiktas.tr\/index.php?rest_route=%2Fwp%2Fv2%2Fmedia&parent=35383"}],"wp:term":[{"taxonomy":"category","embeddable":true,"href":"https:\/\/haberbesiktas.tr\/index.php?rest_route=%2Fwp%2Fv2%2Fcategories&post=35383"},{"taxonomy":"post_tag","embeddable":true,"href":"https:\/\/haberbesiktas.tr\/index.php?rest_route=%2Fwp%2Fv2%2Ftags&post=35383"}],"curies":[{"name":"wp","href":"https:\/\/api.w.org\/{rel}","templated":true}]}}