{"id":35386,"date":"2025-06-08T08:24:06","date_gmt":"2025-06-08T08:24:06","guid":{"rendered":"https:\/\/haberbesiktas.tr\/?p=35386"},"modified":"2025-06-08T08:24:06","modified_gmt":"2025-06-08T08:24:06","slug":"marko-simonovic-kazanmak-icin-en-onemli-adim-adim-adim-bakmak","status":"publish","type":"post","link":"https:\/\/haberbesiktas.tr\/?p=35386","title":{"rendered":"Marko Simonovic: &#8220;Kazanmak i\u00e7in en \u00f6nemli ad\u0131m, ad\u0131m ad\u0131m bakmak&#8221;"},"content":{"rendered":"<div>EuroCup yar\u0131 final serisinin ikinci ma\u00e7\u0131nda bug\u00fcn \u0130spanya temsilcisi Gran Canaria&#8217;ya konuk olacak Bah\u00e7e\u015fehir Koleji&#8217;nin bilhassa son d\u00f6nemdeki performans\u0131yla birinci ma\u00e7a damga vuran pivotu Marko Simonovic, &#8220;Onlar\u0131n \u00e2l\u00e2 oldu\u011fu alanlara nazaran haz\u0131rland\u0131k. Bunu yar\u0131n en ho\u015f formda g\u00f6stermek istiyoruz&#8221; bi\u00e7iminde konu\u015ftu.<\/p>\n<p> EuroCup yar\u0131 final serisinin ikinci ma\u00e7\u0131nda Bah\u00e7e\u015fehir Koleji, bug\u00fcn \u0130spanya temsilcisi Gran Canaria&#8217;ya konuk olacak. Gran Canaria Arena&#8217;da oynanacak m\u00fcsabaka TS\u0130 23.00&#8217;da ba\u015flayacak. U\u011fra\u015f \u00f6ncesinde Bah\u00e7e\u015fehir Koleji&#8217;nin ba\u015far\u0131l\u0131 oyuncular\u0131ndan Marko Simonovic, Demir\u00f6ren Haber Ajans\u0131&#8217;na (DHA) a\u00e7\u0131klamalarda bulundu.<\/p>\n<p> <strong>&#8216;ONLARIN G\u00dcZEL OLDU\u011eU ALANLARA NAZARAN HAZIRLANDIK&#8217;<\/strong><\/p>\n<p> Simonovic, rakip ekip ile ilgili yapt\u0131\u011f\u0131 tahlillerde, &#8220;Normal d\u00f6nemde onlara kar\u015f\u0131 oynad\u0131\u011f\u0131m\u0131z birinci ma\u00e7\u0131 deplasmanda kaybetmi\u015ftik. Sonras\u0131nda bundan dersler \u00e7\u0131kartt\u0131\u011f\u0131m\u0131z\u0131 d\u00fc\u015f\u00fcn\u00fcyorum. Konutumuzda oynad\u0131\u011f\u0131m\u0131z iki ma\u00e7\u0131 kazand\u0131k. Bununla birlikte onlar asl\u0131nda klasik bir \u0130spanyol tak\u0131m\u0131! \u00c7ok ko\u015fan, \u00e7ok \u015fut atan ve bu mevzuda skor bulmay\u0131 ama\u00e7layan bir ekip. Bilhassa k\u0131sa devrilmelere de \u00e7ok dikkat etmemiz gerekiyor. Onlar\u0131n d\u00fczg\u00fcn oldu\u011fu alanlara nazaran haz\u0131rland\u0131k. Bunu yar\u0131n en ho\u015f bi\u00e7imde g\u00f6stermek istiyoruz&#8221; s\u00f6zlerini kulland\u0131.<\/p>\n<p> <strong>&#8216;\u015eAMP\u0130YONLU\u011eU DE\u011e\u0130L \u00d6N\u00dcM\u00dcZDEK\u0130 MA\u00c7I D\u00dc\u015e\u00dcNEREK HAREKET ETMEK \u0130ST\u0130YORUZ&#8217;<\/strong><\/p>\n<p> Finale y\u00fckselme konusunda y\u00fcksek motivasyonla \u00e7al\u0131\u015fmalar\u0131na devam eden Bah\u00e7e\u015fehir Koleji&#8217;nin ba\u015far\u0131l\u0131 oyuncusu EuroCup hakk\u0131nda &#8220;Tabi ki bu beni motive ediyor ancak bir yandan da \u015fimdi EuroCup&#8217;\u0131 kazanmaya yak\u0131n de\u011filiz. \u015euan \u00f6n\u00fcm\u00fczde oynamam\u0131z gereken en az 1 ma\u00e7 daha var. Sonras\u0131nda da finalde de\u011ferli m\u00fcsabakalar bizi bekleyecek. Tabi ki biz \u015fu an elimizden geleni yaparak kazanmak istiyoruz fakat ad\u0131m ad\u0131m bakmaya \u00e7al\u0131\u015f\u0131yoruz. Bence kazanmak i\u00e7in en k\u0131ymetli ad\u0131m, ad\u0131m ad\u0131m bakmak. \u015euan \u015fampiyonlu\u011fu de\u011fil \u00f6n\u00fcm\u00fczdeki ma\u00e7\u0131 d\u00fc\u015f\u00fcnerek hareket etmek istiyoruz&#8221; dedi.<\/p>\n<\/div>\n<p><\/p>\n","protected":false},"excerpt":{"rendered":"<p>Bah\u00e7e\u015fehir Koleji, EuroCup yar\u0131 final serisinin ikinci ma\u00e7\u0131nda \u0130spanya temsilcisi Gran Canaria&#8217;ya konuk olacak. Bah\u00e7e\u015fehir Koleji pivotu Marko Simonovic, ma\u00e7tan evvel a\u00e7\u0131klamalarda bulundu.<\/p>\n","protected":false},"author":1,"featured_media":35387,"comment_status":"open","ping_status":"open","sticky":false,"template":"","format":"standard","meta":{"footnotes":""},"categories":[10],"tags":[1583,2811,362],"class_list":["post-35386","post","type-post","status-publish","format-standard","has-post-thumbnail","hentry","category-basketbol","tag-adim","tag-istiyoruz","tag-onlar"],"_links":{"self":[{"href":"https:\/\/haberbesiktas.tr\/index.php?rest_route=\/wp\/v2\/posts\/35386","targetHints":{"allow":["GET"]}}],"collection":[{"href":"https:\/\/haberbesiktas.tr\/index.php?rest_route=\/wp\/v2\/posts"}],"about":[{"href":"https:\/\/haberbesiktas.tr\/index.php?rest_route=\/wp\/v2\/types\/post"}],"author":[{"embeddable":true,"href":"https:\/\/haberbesiktas.tr\/index.php?rest_route=\/wp\/v2\/users\/1"}],"replies":[{"embeddable":true,"href":"https:\/\/haberbesiktas.tr\/index.php?rest_route=%2Fwp%2Fv2%2Fcomments&post=35386"}],"version-history":[{"count":1,"href":"https:\/\/haberbesiktas.tr\/index.php?rest_route=\/wp\/v2\/posts\/35386\/revisions"}],"predecessor-version":[{"id":35388,"href":"https:\/\/haberbesiktas.tr\/index.php?rest_route=\/wp\/v2\/posts\/35386\/revisions\/35388"}],"wp:featuredmedia":[{"embeddable":true,"href":"https:\/\/haberbesiktas.tr\/index.php?rest_route=\/wp\/v2\/media\/35387"}],"wp:attachment":[{"href":"https:\/\/haberbesiktas.tr\/index.php?rest_route=%2Fwp%2Fv2%2Fmedia&parent=35386"}],"wp:term":[{"taxonomy":"category","embeddable":true,"href":"https:\/\/haberbesiktas.tr\/index.php?rest_route=%2Fwp%2Fv2%2Fcategories&post=35386"},{"taxonomy":"post_tag","embeddable":true,"href":"https:\/\/haberbesiktas.tr\/index.php?rest_route=%2Fwp%2Fv2%2Ftags&post=35386"}],"curies":[{"name":"wp","href":"https:\/\/api.w.org\/{rel}","templated":true}]}}