{"id":35389,"date":"2025-06-08T08:36:08","date_gmt":"2025-06-08T08:36:08","guid":{"rendered":"https:\/\/haberbesiktas.tr\/?p=35389"},"modified":"2025-06-08T08:36:08","modified_gmt":"2025-06-08T08:36:08","slug":"emiliano-martinez-hayatimda-boylesini-yasamadim","status":"publish","type":"post","link":"https:\/\/haberbesiktas.tr\/?p=35389","title":{"rendered":"Emiliano Martinez: &#8220;Hayat\u0131mda b\u00f6ylesini ya\u015famad\u0131m&#8221;"},"content":{"rendered":"<div>Aston Villa kalecisi Emiliano Martinez, \u015eampiyonlar Ligi&#8217;nde Paris Saint-Germain ile oynayacaklar\u0131 ma\u00e7lara dair konu\u015ftu.<\/p>\n<p> Arjantinli file bek\u00e7isi, PSG deplasman\u0131nda Frans\u0131z taraftarlar\u0131n kendisine odaklanaca\u011f\u0131n\u0131 ve bu durumun ekibi i\u00e7in avantaj oldu\u011funu s\u00f6yledi.<\/p>\n<p> Martinez, <strong>&#8220;Ge\u00e7en y\u0131l Lille ma\u00e7\u0131nda Frans\u0131z taraftarlar b\u00fct\u00fcn ma\u00e7 boyunca bana k\u00fcf\u00fcr, hakaret etti. Hayat\u0131mda hi\u00e7 bu t\u00fcrl\u00fc bir hakarete maruz kalmam\u0131\u015ft\u0131m. Ben bir \u015fey yapmamama kar\u015f\u0131n 120 dakika boyunca bana daima k\u00fcf\u00fcr ettiler. Sonra penalt\u0131 at\u0131\u015flar\u0131 oldu ve ben onlar\u0131 susturdum.&#8221;<\/strong> dedi.<\/p>\n<p> A\u00e7\u0131klamalar\u0131na devam eden Martinez, <strong>&#8220;PSG ma\u00e7\u0131nda da taraftarlar bana odaklanaca\u011f\u0131 i\u00e7in kadro arkada\u015flar\u0131m\u0131n \u00fczerinde daha az bask\u0131 olacakt\u0131r, bu bizim i\u00e7in bir avantaj.&#8221;<\/strong> diye konu\u015ftu.<\/p>\n<p> Emiliano Martinez, son olarak,<strong> &#8220;PSG ma\u00e7\u0131 heyecan verici olacak. \u015eimdiden iletiler ald\u0131m. Konutumuzda g\u00fc\u00e7l\u00fc bir ekibiz ve deplasmanda da d\u00fczg\u00fcn u\u011fra\u015f ediyoruz. Bu t\u00fcrl\u00fc bir eleme \u00e7e\u015fidi ma\u00e7\u0131nda her \u015fey olabilir.&#8221;<\/strong> kelamlar\u0131n\u0131 sarf etti.<\/p>\n<p> Aston Villa, \u015eampiyonlar Ligi \u00e7eyrek final birinci ma\u00e7\u0131nda 9 Nisan \u00c7ar\u015famba g\u00fcn\u00fc Paris Saint-Germain ile deplasmanda kar\u015f\u0131 kar\u015f\u0131ya gelecek.<\/p>\n<\/div>\n<p><\/p>\n","protected":false},"excerpt":{"rendered":"<p>Aston Villa kalecisi Emiliano Martinez, \u015eampiyonlar Ligi&#8217;ndeki PSG e\u015fle\u015fmesi hakk\u0131nda konu\u015ftu.<\/p>\n","protected":false},"author":1,"featured_media":35390,"comment_status":"open","ping_status":"open","sticky":false,"template":"","format":"standard","meta":{"footnotes":""},"categories":[25],"tags":[50],"class_list":["post-35389","post","type-post","status-publish","format-standard","has-post-thumbnail","hentry","category-futbol","tag-mac"],"_links":{"self":[{"href":"https:\/\/haberbesiktas.tr\/index.php?rest_route=\/wp\/v2\/posts\/35389","targetHints":{"allow":["GET"]}}],"collection":[{"href":"https:\/\/haberbesiktas.tr\/index.php?rest_route=\/wp\/v2\/posts"}],"about":[{"href":"https:\/\/haberbesiktas.tr\/index.php?rest_route=\/wp\/v2\/types\/post"}],"author":[{"embeddable":true,"href":"https:\/\/haberbesiktas.tr\/index.php?rest_route=\/wp\/v2\/users\/1"}],"replies":[{"embeddable":true,"href":"https:\/\/haberbesiktas.tr\/index.php?rest_route=%2Fwp%2Fv2%2Fcomments&post=35389"}],"version-history":[{"count":1,"href":"https:\/\/haberbesiktas.tr\/index.php?rest_route=\/wp\/v2\/posts\/35389\/revisions"}],"predecessor-version":[{"id":35391,"href":"https:\/\/haberbesiktas.tr\/index.php?rest_route=\/wp\/v2\/posts\/35389\/revisions\/35391"}],"wp:featuredmedia":[{"embeddable":true,"href":"https:\/\/haberbesiktas.tr\/index.php?rest_route=\/wp\/v2\/media\/35390"}],"wp:attachment":[{"href":"https:\/\/haberbesiktas.tr\/index.php?rest_route=%2Fwp%2Fv2%2Fmedia&parent=35389"}],"wp:term":[{"taxonomy":"category","embeddable":true,"href":"https:\/\/haberbesiktas.tr\/index.php?rest_route=%2Fwp%2Fv2%2Fcategories&post=35389"},{"taxonomy":"post_tag","embeddable":true,"href":"https:\/\/haberbesiktas.tr\/index.php?rest_route=%2Fwp%2Fv2%2Ftags&post=35389"}],"curies":[{"name":"wp","href":"https:\/\/api.w.org\/{rel}","templated":true}]}}