{"id":35433,"date":"2025-06-08T11:36:09","date_gmt":"2025-06-08T11:36:09","guid":{"rendered":"https:\/\/haberbesiktas.tr\/?p=35433"},"modified":"2025-06-08T11:36:09","modified_gmt":"2025-06-08T11:36:09","slug":"emre-belozoglu-7-8-puan-daha-almamiz-gerekiyor","status":"publish","type":"post","link":"https:\/\/haberbesiktas.tr\/?p=35433","title":{"rendered":"Emre Bel\u00f6zo\u011flu: &#8220;7-8 puan daha almam\u0131z gerekiyor&#8221;"},"content":{"rendered":"<div>Trendyol \u00dcst\u00fcn Lig&#8217;in 29. haftas\u0131nda Corendon Alanyaspor&#8217;u 2-1 yenen Onvo Antalyaspor&#8217;da teknik y\u00f6netici Emre Bel\u00f6zo\u011flu, &#8220;Kazand\u0131\u011f\u0131m\u0131z i\u00e7in \u00e7ok memnunuz. Bayrama Antalyaspor taraftar\u0131n\u0131 memnun halde eri\u015ftirece\u011fiz.&#8221; dedi.<\/p>\n<p> Bel\u00f6zo\u011flu, Corendon Airlines Park Antalya Stad\u0131&#8217;ndaki ma\u00e7\u0131n akabinde d\u00fczenlenen bas\u0131n toplant\u0131s\u0131na T\u00fcrk halk\u0131n\u0131n Ramazan Bayram\u0131&#8217;n\u0131 kutlayarak ba\u015flad\u0131.<\/p>\n<p> \u00c7ok k\u0131ymetli bir ma\u00e7 kazand\u0131klar\u0131n\u0131 tabir eden Bel\u00f6zo\u011flu, oyuncular\u0131n g\u00fcc\u00fc ve motivasyonun \u00e7ok y\u00fcksek oldu\u011funu kaydetti.<\/p>\n<p> Oyunun ba\u015f\u0131nda 3 puan\u0131 \u00e7ok istediklerini g\u00f6sterdiklerini anlatan Bel\u00f6zo\u011flu, <strong>&#8220;\u0130lk yar\u0131da 15 dakikal\u0131k kay\u0131p vakit vard\u0131. Bu s\u00fcre\u00e7te gol\u00fc yedik. Birinci yar\u0131n\u0131n sonundaki gol bize ivme kazand\u0131rd\u0131. Motivasyon kazand\u0131rd\u0131. \u0130kinci yar\u0131da ufak bir formasyon de\u011fi\u015fikli\u011fi yapt\u0131k. \u0130kinci yar\u0131da rakibe hi\u00e7 konum vermedik. Girdi\u011fimiz konumlar vard\u0131. \u00c7ok stratejik olmam\u0131z gereken bir ma\u00e7t\u0131. Verdi\u011fimiz direktifleri alanda en yeterli bi\u00e7imde uygulamaya \u00e7al\u0131\u015fan oyuncular\u0131m\u0131 tebrik ediyorum. Kazand\u0131\u011f\u0131m\u0131z i\u00e7in \u00e7ok memnunuz. Bayrama Antalyaspor taraftar\u0131n\u0131 keyifli formda eri\u015ftirece\u011fiz.&#8221;<\/strong> dedi.<\/p>\n<p> Alt s\u0131ralardaki ekiplerin kolay kaybetmedi\u011fine dikkati \u00e7eken Bel\u00f6zo\u011flu, <strong>&#8220;\u00c7ok ince hesaplar yapmam\u0131z, rahat olmamam\u0131z gereken haftalar. 43-44 puanlar bizi rahatlatacakt\u0131r. Kendimizi rahatlatacak duruma getirmek i\u00e7in 7-8 puan daha almam\u0131z gerekiyor.&#8221;<\/strong> diye konu\u015ftu.<\/p>\n<\/div>\n<p><\/p>\n","protected":false},"excerpt":{"rendered":"<p>Antalyaspor Teknik Y\u00f6neticisi Emre Bel\u00f6zo\u011flu, Alanyaspor ma\u00e7\u0131ndaki galibiyeti k\u0131ymetlendirdi.<\/p>\n","protected":false},"author":1,"featured_media":35434,"comment_status":"open","ping_status":"open","sticky":false,"template":"","format":"standard","meta":{"footnotes":""},"categories":[25],"tags":[955],"class_list":["post-35433","post","type-post","status-publish","format-standard","has-post-thumbnail","hentry","category-futbol","tag-belozoglu"],"_links":{"self":[{"href":"https:\/\/haberbesiktas.tr\/index.php?rest_route=\/wp\/v2\/posts\/35433","targetHints":{"allow":["GET"]}}],"collection":[{"href":"https:\/\/haberbesiktas.tr\/index.php?rest_route=\/wp\/v2\/posts"}],"about":[{"href":"https:\/\/haberbesiktas.tr\/index.php?rest_route=\/wp\/v2\/types\/post"}],"author":[{"embeddable":true,"href":"https:\/\/haberbesiktas.tr\/index.php?rest_route=\/wp\/v2\/users\/1"}],"replies":[{"embeddable":true,"href":"https:\/\/haberbesiktas.tr\/index.php?rest_route=%2Fwp%2Fv2%2Fcomments&post=35433"}],"version-history":[{"count":1,"href":"https:\/\/haberbesiktas.tr\/index.php?rest_route=\/wp\/v2\/posts\/35433\/revisions"}],"predecessor-version":[{"id":35435,"href":"https:\/\/haberbesiktas.tr\/index.php?rest_route=\/wp\/v2\/posts\/35433\/revisions\/35435"}],"wp:featuredmedia":[{"embeddable":true,"href":"https:\/\/haberbesiktas.tr\/index.php?rest_route=\/wp\/v2\/media\/35434"}],"wp:attachment":[{"href":"https:\/\/haberbesiktas.tr\/index.php?rest_route=%2Fwp%2Fv2%2Fmedia&parent=35433"}],"wp:term":[{"taxonomy":"category","embeddable":true,"href":"https:\/\/haberbesiktas.tr\/index.php?rest_route=%2Fwp%2Fv2%2Fcategories&post=35433"},{"taxonomy":"post_tag","embeddable":true,"href":"https:\/\/haberbesiktas.tr\/index.php?rest_route=%2Fwp%2Fv2%2Ftags&post=35433"}],"curies":[{"name":"wp","href":"https:\/\/api.w.org\/{rel}","templated":true}]}}