{"id":3544,"date":"2025-01-14T11:42:44","date_gmt":"2025-01-14T11:42:44","guid":{"rendered":"https:\/\/haberbesiktas.tr\/?p=3544"},"modified":"2025-01-14T11:42:44","modified_gmt":"2025-01-14T11:42:44","slug":"galatasarayda-ayrilik-yukleniyor-hakim-ziyech","status":"publish","type":"post","link":"https:\/\/haberbesiktas.tr\/?p=3544","title":{"rendered":"Galatasaray&#8217;da ayr\u0131l\u0131k y\u00fckleniyor: Hakim Ziyech"},"content":{"rendered":"<div>Galatasaray&#8217;\u0131n tak\u0131mda d\u00fc\u015f\u00fcnmedi\u011fi Hakim Ziyech i\u00e7in fla\u015f bir transfer geli\u015fmesi ya\u015fand\u0131.<\/p>\n<p> 360Saudi&#8217;de yer alan habere nazaran; Suudi Arabistan tak\u0131m\u0131 Al-Fateh&#8217;in, Fasl\u0131 oyuncuyla kelaml\u0131 muahedeye vard\u0131\u011f\u0131 \u00f6ne s\u00fcr\u00fcld\u00fc.<\/p>\n<p> <strong>FES\u0130H G\u00d6R\u00dc\u015eMELER\u0130 OLUMSUZ<\/strong><\/p>\n<p> Sar\u0131-k\u0131rm\u0131z\u0131l\u0131lar Hakim Ziyech&#8217;le mukavele feshi i\u00e7in g\u00f6r\u00fc\u015fmeler y\u00fcr\u00fctse de oyuncunun maa\u015f\u0131n\u0131n tamam\u0131n\u0131 istemesi g\u00f6r\u00fc\u015fmeleri zorla\u015ft\u0131rm\u0131\u015ft\u0131.<\/p>\n<p> <strong>GALATASARAY&#8217;LA G\u00d6R\u00dc\u015eECEKLER<\/strong><\/p>\n<p> Sar\u0131-k\u0131rm\u0131z\u0131l\u0131lardan y\u0131lda 5.7 milyon Euro kazanan Fasl\u0131 futbolcu, Arabistan grubuyla anla\u015ft\u0131. Al-Fateh idaresi, art\u0131k de y\u0131ld\u0131z futbolcu i\u00e7in Galatasaray ile k\u0131sa m\u00fcddet i\u00e7inde temasa ge\u00e7ecek.<\/p>\n<p> <strong>BU D\u00d6NEM SAYILARI &#8216;D\u0130P&#8217; YAPTI<\/strong><\/p>\n<p> 31 ya\u015f\u0131ndaki Fasl\u0131 oyuncu, Galatasaray formas\u0131yla \u00e7\u0131kt\u0131\u011f\u0131 34 resmi ma\u00e7ta 8 gol at\u0131p 5 asist yapt\u0131. Ziyech, bu d\u00f6nem ise 11 ma\u00e7ta 320 dakika m\u00fcddet al\u0131p 1 asist yapt\u0131. <\/p>\n<\/div>\n","protected":false},"excerpt":{"rendered":"<p>Suudi Arabistan tak\u0131m\u0131 Al-Fateh&#8217;in, Hakim Ziyech ile kelaml\u0131 muahedeye vard\u0131\u011f\u0131 \u00f6ne s\u00fcr\u00fcld\u00fc. \u0130\u015fte ayr\u0131nt\u0131lar&#8230;<\/p>\n","protected":false},"author":1,"featured_media":3545,"comment_status":"open","ping_status":"open","sticky":false,"template":"","format":"standard","meta":{"footnotes":""},"categories":[25],"tags":[],"class_list":["post-3544","post","type-post","status-publish","format-standard","has-post-thumbnail","hentry","category-futbol"],"_links":{"self":[{"href":"https:\/\/haberbesiktas.tr\/index.php?rest_route=\/wp\/v2\/posts\/3544","targetHints":{"allow":["GET"]}}],"collection":[{"href":"https:\/\/haberbesiktas.tr\/index.php?rest_route=\/wp\/v2\/posts"}],"about":[{"href":"https:\/\/haberbesiktas.tr\/index.php?rest_route=\/wp\/v2\/types\/post"}],"author":[{"embeddable":true,"href":"https:\/\/haberbesiktas.tr\/index.php?rest_route=\/wp\/v2\/users\/1"}],"replies":[{"embeddable":true,"href":"https:\/\/haberbesiktas.tr\/index.php?rest_route=%2Fwp%2Fv2%2Fcomments&post=3544"}],"version-history":[{"count":1,"href":"https:\/\/haberbesiktas.tr\/index.php?rest_route=\/wp\/v2\/posts\/3544\/revisions"}],"predecessor-version":[{"id":3546,"href":"https:\/\/haberbesiktas.tr\/index.php?rest_route=\/wp\/v2\/posts\/3544\/revisions\/3546"}],"wp:featuredmedia":[{"embeddable":true,"href":"https:\/\/haberbesiktas.tr\/index.php?rest_route=\/wp\/v2\/media\/3545"}],"wp:attachment":[{"href":"https:\/\/haberbesiktas.tr\/index.php?rest_route=%2Fwp%2Fv2%2Fmedia&parent=3544"}],"wp:term":[{"taxonomy":"category","embeddable":true,"href":"https:\/\/haberbesiktas.tr\/index.php?rest_route=%2Fwp%2Fv2%2Fcategories&post=3544"},{"taxonomy":"post_tag","embeddable":true,"href":"https:\/\/haberbesiktas.tr\/index.php?rest_route=%2Fwp%2Fv2%2Ftags&post=3544"}],"curies":[{"name":"wp","href":"https:\/\/api.w.org\/{rel}","templated":true}]}}