{"id":35442,"date":"2025-06-08T12:12:09","date_gmt":"2025-06-08T12:12:09","guid":{"rendered":"https:\/\/haberbesiktas.tr\/?p=35442"},"modified":"2025-06-08T12:12:09","modified_gmt":"2025-06-08T12:12:09","slug":"galatasarayda-roland-sallai-gelismesi","status":"publish","type":"post","link":"https:\/\/haberbesiktas.tr\/?p=35442","title":{"rendered":"Galatasaray&#8217;da Roland Sallai geli\u015fmesi!"},"content":{"rendered":"<div>Galatasaray, Be\u015fikta\u015f ile oynayaca\u011f\u0131 derbi ma\u00e7\u0131n haz\u0131rl\u0131klar\u0131n\u0131 tamamlad\u0131.<\/p>\n<p> Sar\u0131-k\u0131rm\u0131z\u0131l\u0131larda a\u011fr\u0131lar\u0131 bulunan Roland Sallai, Be\u015fikta\u015f derbisi \u00f6ncesi yap\u0131lan son idmanda yer almad\u0131.<\/p>\n<p> 27 ya\u015f\u0131ndaki futbolcu, sakatl\u0131\u011f\u0131 nedeniyle \u00fclkesi Macaristan&#8217;\u0131n UEFA Uluslar Ligi&#8217;nde A Ulusal Futbol Grubu ile oynad\u0131\u011f\u0131 ma\u00e7larda da forma giyememi\u015fti.<\/p>\n<p> Galatasaray&#8217;da bu d\u00f6nem 24 ma\u00e7ta m\u00fcddet bulan Roland Sallai, 3 defa gol sevinci ya\u015fad\u0131.<\/p>\n<\/div>\n<p><\/p>\n","protected":false},"excerpt":{"rendered":"<p>Galatasaray&#8217;da a\u011fr\u0131lar\u0131 olan Roland Sallai, Be\u015fikta\u015f derbisi \u00f6ncesi son idmana kat\u0131lmad\u0131.<\/p>\n","protected":false},"author":1,"featured_media":35443,"comment_status":"open","ping_status":"open","sticky":false,"template":"","format":"standard","meta":{"footnotes":""},"categories":[25],"tags":[],"class_list":["post-35442","post","type-post","status-publish","format-standard","has-post-thumbnail","hentry","category-futbol"],"_links":{"self":[{"href":"https:\/\/haberbesiktas.tr\/index.php?rest_route=\/wp\/v2\/posts\/35442","targetHints":{"allow":["GET"]}}],"collection":[{"href":"https:\/\/haberbesiktas.tr\/index.php?rest_route=\/wp\/v2\/posts"}],"about":[{"href":"https:\/\/haberbesiktas.tr\/index.php?rest_route=\/wp\/v2\/types\/post"}],"author":[{"embeddable":true,"href":"https:\/\/haberbesiktas.tr\/index.php?rest_route=\/wp\/v2\/users\/1"}],"replies":[{"embeddable":true,"href":"https:\/\/haberbesiktas.tr\/index.php?rest_route=%2Fwp%2Fv2%2Fcomments&post=35442"}],"version-history":[{"count":1,"href":"https:\/\/haberbesiktas.tr\/index.php?rest_route=\/wp\/v2\/posts\/35442\/revisions"}],"predecessor-version":[{"id":35444,"href":"https:\/\/haberbesiktas.tr\/index.php?rest_route=\/wp\/v2\/posts\/35442\/revisions\/35444"}],"wp:featuredmedia":[{"embeddable":true,"href":"https:\/\/haberbesiktas.tr\/index.php?rest_route=\/wp\/v2\/media\/35443"}],"wp:attachment":[{"href":"https:\/\/haberbesiktas.tr\/index.php?rest_route=%2Fwp%2Fv2%2Fmedia&parent=35442"}],"wp:term":[{"taxonomy":"category","embeddable":true,"href":"https:\/\/haberbesiktas.tr\/index.php?rest_route=%2Fwp%2Fv2%2Fcategories&post=35442"},{"taxonomy":"post_tag","embeddable":true,"href":"https:\/\/haberbesiktas.tr\/index.php?rest_route=%2Fwp%2Fv2%2Ftags&post=35442"}],"curies":[{"name":"wp","href":"https:\/\/api.w.org\/{rel}","templated":true}]}}