{"id":35445,"date":"2025-06-08T12:24:09","date_gmt":"2025-06-08T12:24:09","guid":{"rendered":"https:\/\/haberbesiktas.tr\/?p=35445"},"modified":"2025-06-08T12:24:09","modified_gmt":"2025-06-08T12:24:09","slug":"fenerbahcede-maximin-kadroya-geri-dondu","status":"publish","type":"post","link":"https:\/\/haberbesiktas.tr\/?p=35445","title":{"rendered":"Fenerbah\u00e7e&#8217;de Maximin kadroya geri d\u00f6nd\u00fc"},"content":{"rendered":"<div>Fenerbah\u00e7e&#8217;de Allan Saint-Maximin, Bodrum FK ma\u00e7\u0131yla tak\u0131ma geri d\u00f6nd\u00fc.<\/p>\n<p> Frans\u0131z futbolcu, Jose Mourinho ile ya\u015fad\u0131\u011f\u0131 tart\u0131\u015fman\u0131n akabinde Rangers ve Samsunspor ma\u00e7lar\u0131nda tak\u0131ma al\u0131nmam\u0131\u015ft\u0131.<\/p>\n<p> Bodrum FK ile deplasmanda oynanan ma\u00e7\u0131n kamp tak\u0131m\u0131nda yer alan Maximin, u\u011fra\u015fa de yedek kul\u00fcbesinde ba\u015flayacak.<\/p>\n<p> <strong>Fenerbah\u00e7e&#8217;nin Bodrum&#8217;daki birinci 11&#8217;i \u015fu formda:<\/p>\n<p><img decoding=\"async\" src=\"https:\/\/haberbesiktas.tr\/wp-content\/uploads\/2025\/06\/fenerbahcede-maximin-kadroya-geri-dondu-0-Im54Uuh5.jpg\"\/><br \/><\/strong><\/p>\n<\/div>\n<p><\/p>\n","protected":false},"excerpt":{"rendered":"<p>Fenerbah\u00e7e&#8217;nin Rangers ve Samsunspor ile oynad\u0131\u011f\u0131 ma\u00e7larda tak\u0131ma al\u0131nmayan Allan Saint-Maximin, Bodrum FK ma\u00e7\u0131nda yedek kul\u00fcbesinde yer al\u0131yor.<\/p>\n","protected":false},"author":1,"featured_media":35446,"comment_status":"open","ping_status":"open","sticky":false,"template":"","format":"standard","meta":{"footnotes":""},"categories":[25],"tags":[],"class_list":["post-35445","post","type-post","status-publish","format-standard","has-post-thumbnail","hentry","category-futbol"],"_links":{"self":[{"href":"https:\/\/haberbesiktas.tr\/index.php?rest_route=\/wp\/v2\/posts\/35445","targetHints":{"allow":["GET"]}}],"collection":[{"href":"https:\/\/haberbesiktas.tr\/index.php?rest_route=\/wp\/v2\/posts"}],"about":[{"href":"https:\/\/haberbesiktas.tr\/index.php?rest_route=\/wp\/v2\/types\/post"}],"author":[{"embeddable":true,"href":"https:\/\/haberbesiktas.tr\/index.php?rest_route=\/wp\/v2\/users\/1"}],"replies":[{"embeddable":true,"href":"https:\/\/haberbesiktas.tr\/index.php?rest_route=%2Fwp%2Fv2%2Fcomments&post=35445"}],"version-history":[{"count":1,"href":"https:\/\/haberbesiktas.tr\/index.php?rest_route=\/wp\/v2\/posts\/35445\/revisions"}],"predecessor-version":[{"id":35448,"href":"https:\/\/haberbesiktas.tr\/index.php?rest_route=\/wp\/v2\/posts\/35445\/revisions\/35448"}],"wp:featuredmedia":[{"embeddable":true,"href":"https:\/\/haberbesiktas.tr\/index.php?rest_route=\/wp\/v2\/media\/35446"}],"wp:attachment":[{"href":"https:\/\/haberbesiktas.tr\/index.php?rest_route=%2Fwp%2Fv2%2Fmedia&parent=35445"}],"wp:term":[{"taxonomy":"category","embeddable":true,"href":"https:\/\/haberbesiktas.tr\/index.php?rest_route=%2Fwp%2Fv2%2Fcategories&post=35445"},{"taxonomy":"post_tag","embeddable":true,"href":"https:\/\/haberbesiktas.tr\/index.php?rest_route=%2Fwp%2Fv2%2Ftags&post=35445"}],"curies":[{"name":"wp","href":"https:\/\/api.w.org\/{rel}","templated":true}]}}