{"id":35449,"date":"2025-06-08T12:36:08","date_gmt":"2025-06-08T12:36:08","guid":{"rendered":"https:\/\/haberbesiktas.tr\/?p=35449"},"modified":"2025-06-08T12:36:08","modified_gmt":"2025-06-08T12:36:08","slug":"jose-mourinho-mac-sirasinda-benim-arkadasim-yoktur","status":"publish","type":"post","link":"https:\/\/haberbesiktas.tr\/?p=35449","title":{"rendered":"Jose Mourinho: &#8220;Ma\u00e7 s\u0131ras\u0131nda benim arkada\u015f\u0131m yoktur!&#8221;"},"content":{"rendered":"<div>\n<p>Fenerbah\u00e7e Teknik Y\u00f6neticisi Jose Mourinho, Bodrum FK ma\u00e7\u0131 \u00f6ncesi a\u00e7\u0131klamalarda bulundu.\u00a0<\/p>\n<p> Bodrum FK \u00e7al\u0131\u015ft\u0131r\u0131c\u0131s\u0131 Jose Morais hakk\u0131nda konu\u015fan Portekizli \u00e7al\u0131\u015ft\u0131r\u0131c\u0131, <strong>&#8220;Ma\u00e7tan evvel benim \u00e7ok g\u00fczel bir arkada\u015f\u0131m, ma\u00e7tan sonra o denli olmaya devam edecek. Ma\u00e7lar s\u0131ras\u0131nda benim arkada\u015f\u0131m yoktur. Kendisi ola\u011fan\u00fcst\u00fc bir i\u015f \u00e7\u0131kart\u0131yor. Benim i\u00e7in s\u00fcrpriz olmad\u0131. Kendisi \u00e7ok deneyimli, \u00e7ok g\u00fczel bir teknik y\u00f6netici. O y\u00fczden benim i\u00e7in s\u00fcrpriz olmad\u0131.&#8221;<\/strong> dedi.\u00a0<\/p>\n<p> 62 ya\u015f\u0131ndaki deneyimli \u00e7al\u0131\u015ft\u0131r\u0131c\u0131 son olarak, <strong>&#8220;Haz\u0131rl\u0131klar bizim i\u00e7in zorluydu, farkl\u0131 k\u00fcmeler halinde \u00e7al\u0131\u015ft\u0131k. Bright en son gelen isimdi, d\u00fcn gece direkt Bodrum&#8217;a geldi. Ondan evvel Fasl\u0131 futbolcular geldi. T\u00fcrk oyuncular, sal\u0131 g\u00fcn\u00fc geldi. Bizim i\u00e7in haz\u0131rl\u0131k etab\u0131 bu nedenlerden zordu. Ulusal ekibe gitmeyen oyuncular\u0131 da k\u0131ymetlendirebiliriz diye d\u00fc\u015f\u00fcnd\u00fck. Ma\u00e7\u0131 kazanabilmek i\u00e7in bir puzzle yaratmam\u0131z gerekiyordu. T\u0131pk\u0131 vakitte kul\u00fcbede de ma\u00e7\u0131 kazanmak i\u00e7in oyuncular\u0131m\u0131z var.&#8221;<\/strong> s\u00f6zlerini kulland\u0131.<\/p>\n<\/div>\n<p><\/p>\n","protected":false},"excerpt":{"rendered":"<p>Fenerbah\u00e7e Teknik Y\u00f6neticisi Jose Mourinho, Bodrum FK ma\u00e7\u0131 \u00f6ncesi konu\u015ftu.<\/p>\n","protected":false},"author":1,"featured_media":35450,"comment_status":"open","ping_status":"open","sticky":false,"template":"","format":"standard","meta":{"footnotes":""},"categories":[25],"tags":[],"class_list":["post-35449","post","type-post","status-publish","format-standard","has-post-thumbnail","hentry","category-futbol"],"_links":{"self":[{"href":"https:\/\/haberbesiktas.tr\/index.php?rest_route=\/wp\/v2\/posts\/35449","targetHints":{"allow":["GET"]}}],"collection":[{"href":"https:\/\/haberbesiktas.tr\/index.php?rest_route=\/wp\/v2\/posts"}],"about":[{"href":"https:\/\/haberbesiktas.tr\/index.php?rest_route=\/wp\/v2\/types\/post"}],"author":[{"embeddable":true,"href":"https:\/\/haberbesiktas.tr\/index.php?rest_route=\/wp\/v2\/users\/1"}],"replies":[{"embeddable":true,"href":"https:\/\/haberbesiktas.tr\/index.php?rest_route=%2Fwp%2Fv2%2Fcomments&post=35449"}],"version-history":[{"count":1,"href":"https:\/\/haberbesiktas.tr\/index.php?rest_route=\/wp\/v2\/posts\/35449\/revisions"}],"predecessor-version":[{"id":35451,"href":"https:\/\/haberbesiktas.tr\/index.php?rest_route=\/wp\/v2\/posts\/35449\/revisions\/35451"}],"wp:featuredmedia":[{"embeddable":true,"href":"https:\/\/haberbesiktas.tr\/index.php?rest_route=\/wp\/v2\/media\/35450"}],"wp:attachment":[{"href":"https:\/\/haberbesiktas.tr\/index.php?rest_route=%2Fwp%2Fv2%2Fmedia&parent=35449"}],"wp:term":[{"taxonomy":"category","embeddable":true,"href":"https:\/\/haberbesiktas.tr\/index.php?rest_route=%2Fwp%2Fv2%2Fcategories&post=35449"},{"taxonomy":"post_tag","embeddable":true,"href":"https:\/\/haberbesiktas.tr\/index.php?rest_route=%2Fwp%2Fv2%2Ftags&post=35449"}],"curies":[{"name":"wp","href":"https:\/\/api.w.org\/{rel}","templated":true}]}}