{"id":35452,"date":"2025-06-08T12:48:09","date_gmt":"2025-06-08T12:48:09","guid":{"rendered":"https:\/\/haberbesiktas.tr\/?p=35452"},"modified":"2025-06-08T12:48:09","modified_gmt":"2025-06-08T12:48:09","slug":"mustafa-gursel-macin-hakki-beraberlikti","status":"publish","type":"post","link":"https:\/\/haberbesiktas.tr\/?p=35452","title":{"rendered":"Mustafa G\u00fcrsel: &#8220;Ma\u00e7\u0131n hakk\u0131 beraberlikti&#8221;"},"content":{"rendered":"<div>\n<p>Trendyol 1. Lig&#8217;in 31. haftas\u0131nda Boluspor ile gols\u00fcz berabere kalan Teks\u00fct Band\u0131rmaspor&#8217;da teknik y\u00f6netici Mustafa G\u00fcrsel, &#8220;Ma\u00e7\u0131n hakk\u0131 beraberlikti.&#8221; dedi.<\/p>\n<p> G\u00fcrsel, fiziki altyap\u0131 yetersizli\u011fi gerek\u00e7esiyle Bolu Atat\u00fcrk Stad\u0131&#8217;n\u0131n kapat\u0131lmas\u0131 nedeniyle \u00c7orum Kent Stadyumu&#8217;nda oynanan m\u00fcsabakan\u0131n akabinde yapt\u0131\u011f\u0131 a\u00e7\u0131klamada ma\u00e7 i\u00e7in \u00c7orum&#8217;un se\u00e7ilmesine reaksiyon g\u00f6sterdi.<\/p>\n<p> Band\u0131rma&#8217;dan ma\u00e7 i\u00e7in \u00c7orum&#8217;a 10 saat otob\u00fcs seyahati yapt\u0131klar\u0131n\u0131 belirten G\u00fcrsel, <strong>&#8220;\u00d6ncelikle bizi ho\u015f a\u011f\u0131rlad\u0131klar\u0131 i\u00e7in \u00c7orumlulara te\u015fekk\u00fcr ediyoruz. Lakin bir de ma\u00e7\u0131 buraya verenleri tebrik ediyorum, kim buray\u0131 verdiyse. Ulusal ma\u00e7 ortas\u0131, ma\u00e7a 2 g\u00fcn kala ma\u00e7\u0131n yeri s\u00f6yleniyor. Bir \u015fey yaparken kendini kar\u015f\u0131dakinin yerine de koyman laz\u0131m.&#8221;<\/strong> diye konu\u015ftu.<\/p>\n<p> \u00c7orum&#8217;un Band\u0131rmaspor i\u00e7in ula\u015f\u0131m a\u00e7\u0131s\u0131ndan en s\u0131k\u0131nt\u0131 deplasman oldu\u011funu lisana getiren G\u00fcrsel, <strong>&#8220;U\u00e7ak yok, 10 saat otob\u00fcsle geliyorsun. Yap\u0131labilecek b\u00fct\u00fcn zorluklar daha gelmeden kar\u015f\u0131m\u0131za \u00e7\u0131kar\u0131lm\u0131\u015f oldu. Art\u0131k bu planlamay\u0131 kim yap\u0131yorsa, nas\u0131l yap\u0131yorsa onlar\u0131 tebrik ediyorum. Kolay de\u011fil, 10 saat gel, art\u0131k bir de bayram \u00f6ncesi 10 saat geri d\u00f6nece\u011fiz. T\u00fcrkiye&#8217;de herhalde stat kalmad\u0131 \u00f6teki oynanacak. Biz \u00c7orum deplasman\u0131na geldik, \u00c7orum i\u00e7in her vakit buraya geliriz, o ba\u015fka mevzu fakat \u00f6teki bir ma\u00e7 i\u00e7in buraya gelmek bize \u00e7ok tuhaf ve sa\u00e7ma geldi. Bu kadar stat ve vilayet varken resmen &#8216;Band\u0131rmaspor&#8217;a nas\u0131l zorluk \u00e7\u0131kar\u0131r\u0131z&#8217; diyerek o denli bir yer tayin edilmi\u015f.&#8221;<\/strong> halinde konu\u015ftu.<\/p>\n<p> Yol yorgunlu\u011funun m\u00fcsabakaya yans\u0131d\u0131\u011f\u0131na i\u015faret eden G\u00fcrsel, <strong>&#8220;Ma\u00e7ta bir t\u00fcrl\u00fc g\u00fcc\u00fcm\u00fcz\u00fc bulamad\u0131k. Durum vermedik. Birinci yar\u0131n\u0131n son dakikas\u0131nda bir tane yandan getirdi\u011fimiz topla gol\u00fc bulabilirdik. Onun d\u0131\u015f\u0131nda duruma da giremedik. Birka\u00e7 yan toplar\u0131 haricinde ma\u00e7\u0131n hakk\u0131 beraberlikti bug\u00fcn.&#8221;<\/strong> s\u00f6zlerini kulland\u0131.<\/p>\n<p> Boluspor&#8217;a kalan ma\u00e7lar\u0131nda muvaffakiyet dileyen G\u00fcrsel, ligde 7 ma\u00e7lar\u0131n\u0131n kald\u0131\u011f\u0131n\u0131 hat\u0131rlatarak gelecek hafta meskenlerinde oynayacaklar\u0131 Kocaelispor ma\u00e7\u0131ndan itibaren her ma\u00e7a ba\u015fka farkl\u0131 haz\u0131rlanacaklar\u0131n\u0131 kelamlar\u0131na ekledi.<\/p>\n<\/div>\n<p><\/p>\n","protected":false},"excerpt":{"rendered":"<p>Teks\u00fct Band\u0131rmaspor Teknik Y\u00f6neticisi Mustafa G\u00fcrsel, Boluspor ma\u00e7\u0131n\u0131n akabinde a\u00e7\u0131klamalarda bulundu.<\/p>\n","protected":false},"author":1,"featured_media":35453,"comment_status":"open","ping_status":"open","sticky":false,"template":"","format":"standard","meta":{"footnotes":""},"categories":[25],"tags":[446,2818,50],"class_list":["post-35452","post","type-post","status-publish","format-standard","has-post-thumbnail","hentry","category-futbol","tag-corum","tag-gursel","tag-mac"],"_links":{"self":[{"href":"https:\/\/haberbesiktas.tr\/index.php?rest_route=\/wp\/v2\/posts\/35452","targetHints":{"allow":["GET"]}}],"collection":[{"href":"https:\/\/haberbesiktas.tr\/index.php?rest_route=\/wp\/v2\/posts"}],"about":[{"href":"https:\/\/haberbesiktas.tr\/index.php?rest_route=\/wp\/v2\/types\/post"}],"author":[{"embeddable":true,"href":"https:\/\/haberbesiktas.tr\/index.php?rest_route=\/wp\/v2\/users\/1"}],"replies":[{"embeddable":true,"href":"https:\/\/haberbesiktas.tr\/index.php?rest_route=%2Fwp%2Fv2%2Fcomments&post=35452"}],"version-history":[{"count":1,"href":"https:\/\/haberbesiktas.tr\/index.php?rest_route=\/wp\/v2\/posts\/35452\/revisions"}],"predecessor-version":[{"id":35454,"href":"https:\/\/haberbesiktas.tr\/index.php?rest_route=\/wp\/v2\/posts\/35452\/revisions\/35454"}],"wp:featuredmedia":[{"embeddable":true,"href":"https:\/\/haberbesiktas.tr\/index.php?rest_route=\/wp\/v2\/media\/35453"}],"wp:attachment":[{"href":"https:\/\/haberbesiktas.tr\/index.php?rest_route=%2Fwp%2Fv2%2Fmedia&parent=35452"}],"wp:term":[{"taxonomy":"category","embeddable":true,"href":"https:\/\/haberbesiktas.tr\/index.php?rest_route=%2Fwp%2Fv2%2Fcategories&post=35452"},{"taxonomy":"post_tag","embeddable":true,"href":"https:\/\/haberbesiktas.tr\/index.php?rest_route=%2Fwp%2Fv2%2Ftags&post=35452"}],"curies":[{"name":"wp","href":"https:\/\/api.w.org\/{rel}","templated":true}]}}