{"id":35458,"date":"2025-06-08T13:12:07","date_gmt":"2025-06-08T13:12:07","guid":{"rendered":"https:\/\/haberbesiktas.tr\/?p=35458"},"modified":"2025-06-08T13:12:07","modified_gmt":"2025-06-08T13:12:07","slug":"hakan-kutlu-bir-golle-maci-kazanmasini-bildik","status":"publish","type":"post","link":"https:\/\/haberbesiktas.tr\/?p=35458","title":{"rendered":"Hakan Kutlu: &#8220;Bir golle ma\u00e7\u0131 kazanmas\u0131n\u0131 bildik&#8221;"},"content":{"rendered":"<div>\n<p>Trendyol 1. Lig&#8217;in 31. haftas\u0131nda konuk etti\u011fi Manisa FK&#8217;yi 1-0 yenen Erzurumspor FK&#8217;de teknik y\u00f6netici Hakan Kutlu, ma\u00e7\u0131n zorluk derecesinin y\u00fcksek oldu\u011funu s\u00f6yledi.<\/p>\n<p> Hakan Kutlu, ma\u00e7\u0131n akabinde d\u00fczenlenen bas\u0131n toplant\u0131s\u0131nda oyuncular\u0131n g\u00f6sterdi\u011fi performanstan \u015fad kald\u0131\u011f\u0131n\u0131 belirterek <strong>&#8220;Ger\u00e7ekten son haftalarda \u00e7ok yeterli u\u011fra\u015f ediyorlar. D\u00f6nem ba\u015f\u0131ndan beri g\u00f6stermi\u015f olduklar\u0131 \u00e7aba, ortaya koyduklar\u0131 duru\u015f takdire \u015fayan.&#8221;<\/strong> dedi.<\/p>\n<p> K\u00fcme d\u00fc\u015fmeme \u00e7abas\u0131 veren bir gruba kar\u015f\u0131 oynad\u0131klar\u0131n\u0131 s\u00f6z eden Kutlu, &#8220;<strong>Bu \u00fczere gruplar her vakit \u00e7ok tehlikelidir. Ma\u00e7 boyunca \u00e7ok fazla say\u0131da gol durumumuz vard\u0131 de\u011ferlendiremedik.&#8221;<\/strong> diye konu\u015ftu.<\/p>\n<p> Kutlu, rakibin eksik kalmas\u0131n\u0131n akabinde gol atmak i\u00e7in \u00e7ok efor g\u00f6sterdiklerini anlatarak, \u015f\u00f6yle devam etti:<\/p>\n<p> <strong>&#8220;Rakip 10 ki\u015fi kal\u0131nca bir avantaj \u00fczere g\u00f6r\u00fcnse de kar\u015f\u0131da Manisa olunca bu biraz dezavantaja d\u00f6n\u00fcyor zira b\u00fcsb\u00fct\u00fcn kapan\u0131p ileride \u00e7ok tesirli, h\u0131zl\u0131 oyuncular\u0131 var. Rakibin 10 ki\u015fi kalmas\u0131 lehimize oldu diyemem. \u015eanss\u0131z arkada\u015flar\u0131m\u0131z vard\u0131 lakin onlar da \u00e7ok \u00e7abalad\u0131. \u00c7ok u\u011fra\u015f\u0131p \u00e7aba verdiler. Bir golle ma\u00e7\u0131 kazanmas\u0131n\u0131 bildik. \u00d6n\u00fcm\u00fczdeki Karag\u00fcmr\u00fck ma\u00e7\u0131n\u0131 da kazan\u0131p lig ikincisi olarak kentimize d\u00f6nmek istiyoruz.&#8221;<\/strong><\/p>\n<\/div>\n<p><\/p>\n","protected":false},"excerpt":{"rendered":"<p>Erzurumspor FK Teknik Y\u00f6neticisi Hakan Kutlu, Manisa FK ma\u00e7\u0131n\u0131n akabinde a\u00e7\u0131klamalarda bulundu.<\/p>\n","protected":false},"author":1,"featured_media":35459,"comment_status":"open","ping_status":"open","sticky":false,"template":"","format":"standard","meta":{"footnotes":""},"categories":[25],"tags":[50],"class_list":["post-35458","post","type-post","status-publish","format-standard","has-post-thumbnail","hentry","category-futbol","tag-mac"],"_links":{"self":[{"href":"https:\/\/haberbesiktas.tr\/index.php?rest_route=\/wp\/v2\/posts\/35458","targetHints":{"allow":["GET"]}}],"collection":[{"href":"https:\/\/haberbesiktas.tr\/index.php?rest_route=\/wp\/v2\/posts"}],"about":[{"href":"https:\/\/haberbesiktas.tr\/index.php?rest_route=\/wp\/v2\/types\/post"}],"author":[{"embeddable":true,"href":"https:\/\/haberbesiktas.tr\/index.php?rest_route=\/wp\/v2\/users\/1"}],"replies":[{"embeddable":true,"href":"https:\/\/haberbesiktas.tr\/index.php?rest_route=%2Fwp%2Fv2%2Fcomments&post=35458"}],"version-history":[{"count":1,"href":"https:\/\/haberbesiktas.tr\/index.php?rest_route=\/wp\/v2\/posts\/35458\/revisions"}],"predecessor-version":[{"id":35460,"href":"https:\/\/haberbesiktas.tr\/index.php?rest_route=\/wp\/v2\/posts\/35458\/revisions\/35460"}],"wp:featuredmedia":[{"embeddable":true,"href":"https:\/\/haberbesiktas.tr\/index.php?rest_route=\/wp\/v2\/media\/35459"}],"wp:attachment":[{"href":"https:\/\/haberbesiktas.tr\/index.php?rest_route=%2Fwp%2Fv2%2Fmedia&parent=35458"}],"wp:term":[{"taxonomy":"category","embeddable":true,"href":"https:\/\/haberbesiktas.tr\/index.php?rest_route=%2Fwp%2Fv2%2Fcategories&post=35458"},{"taxonomy":"post_tag","embeddable":true,"href":"https:\/\/haberbesiktas.tr\/index.php?rest_route=%2Fwp%2Fv2%2Ftags&post=35458"}],"curies":[{"name":"wp","href":"https:\/\/api.w.org\/{rel}","templated":true}]}}