{"id":35668,"date":"2025-06-09T03:12:08","date_gmt":"2025-06-09T03:12:08","guid":{"rendered":"https:\/\/haberbesiktas.tr\/?p=35668"},"modified":"2025-06-09T03:12:08","modified_gmt":"2025-06-09T03:12:08","slug":"amed-deplasmanda-10-kisi-kazanmasini-bildi","status":"publish","type":"post","link":"https:\/\/haberbesiktas.tr\/?p=35668","title":{"rendered":"Amed deplasmanda 10 ki\u015fi kazanmas\u0131n\u0131 bildi"},"content":{"rendered":"<div>Trendyol 1.Lig&#8217;in 31. hafta ma\u00e7\u0131nda Ke\u00e7i\u00f6reng\u00fcc\u00fc, Amed SK&#8217;yi konuk etti.\u00a0<\/p>\n<p>Aktepe Stadyumu&#8217;ndaki \u00e7abay\u0131 konuk grup Amed, 2-1 kazand\u0131.<\/p>\n<p>Amed&#8217;e galibiyeti getiren golleri dakika 17&#8217;de<strong> Veli \u00c7etin<\/strong> ile 90+1&#8217;de penalt\u0131dan<strong> Daniel Moreno<\/strong>\u00a0kaydetti. Ke\u00e7i\u00f6reng\u00fcc\u00fc&#8217;n\u00fcn tek gol\u00fc ise<strong> Veli \u00c7etin<\/strong>&#8216;in kendi kalesine att\u0131\u011f\u0131 golle geldi.<\/p>\n<p>M\u00fccadelenin 60. dakikas\u0131nda Amed SK oyuncusu<strong> Sinan Kurt<\/strong> k\u0131rm\u0131z\u0131 kartla oyun d\u0131\u015f\u0131 kald\u0131.<\/p>\n<p>Bu sonucun akabinde Amed SK, puan\u0131n\u0131 46 yapt\u0131. Ke\u00e7i\u00f6reng\u00fcc\u00fc ise 42 puanda kald\u0131.<\/p>\n<p>Trendyol 1.Lig&#8217;in gelecek haftas\u0131nda Ke\u00e7i\u00f6reng\u00fcc\u00fc, Manisa FK deplasman\u0131na gidecek. Amed SK, I\u011fd\u0131r FK&#8217;yi konuk edecek.<\/p><\/div>\n<p><\/p>\n","protected":false},"excerpt":{"rendered":"<p>Trendyol 1.Lig&#8217;in 31. hafta ma\u00e7\u0131nda Amed SK, deplasmanda Ke\u00e7i\u00f6reng\u00fcc\u00fc&#8217;n\u00fc 2-1 ma\u011flup etti.<\/p>\n","protected":false},"author":1,"featured_media":35669,"comment_status":"open","ping_status":"open","sticky":false,"template":"","format":"standard","meta":{"footnotes":""},"categories":[25],"tags":[1856],"class_list":["post-35668","post","type-post","status-publish","format-standard","has-post-thumbnail","hentry","category-futbol","tag-amed"],"_links":{"self":[{"href":"https:\/\/haberbesiktas.tr\/index.php?rest_route=\/wp\/v2\/posts\/35668","targetHints":{"allow":["GET"]}}],"collection":[{"href":"https:\/\/haberbesiktas.tr\/index.php?rest_route=\/wp\/v2\/posts"}],"about":[{"href":"https:\/\/haberbesiktas.tr\/index.php?rest_route=\/wp\/v2\/types\/post"}],"author":[{"embeddable":true,"href":"https:\/\/haberbesiktas.tr\/index.php?rest_route=\/wp\/v2\/users\/1"}],"replies":[{"embeddable":true,"href":"https:\/\/haberbesiktas.tr\/index.php?rest_route=%2Fwp%2Fv2%2Fcomments&post=35668"}],"version-history":[{"count":1,"href":"https:\/\/haberbesiktas.tr\/index.php?rest_route=\/wp\/v2\/posts\/35668\/revisions"}],"predecessor-version":[{"id":35670,"href":"https:\/\/haberbesiktas.tr\/index.php?rest_route=\/wp\/v2\/posts\/35668\/revisions\/35670"}],"wp:featuredmedia":[{"embeddable":true,"href":"https:\/\/haberbesiktas.tr\/index.php?rest_route=\/wp\/v2\/media\/35669"}],"wp:attachment":[{"href":"https:\/\/haberbesiktas.tr\/index.php?rest_route=%2Fwp%2Fv2%2Fmedia&parent=35668"}],"wp:term":[{"taxonomy":"category","embeddable":true,"href":"https:\/\/haberbesiktas.tr\/index.php?rest_route=%2Fwp%2Fv2%2Fcategories&post=35668"},{"taxonomy":"post_tag","embeddable":true,"href":"https:\/\/haberbesiktas.tr\/index.php?rest_route=%2Fwp%2Fv2%2Ftags&post=35668"}],"curies":[{"name":"wp","href":"https:\/\/api.w.org\/{rel}","templated":true}]}}