{"id":35760,"date":"2025-06-09T09:24:05","date_gmt":"2025-06-09T09:24:05","guid":{"rendered":"https:\/\/haberbesiktas.tr\/?p=35760"},"modified":"2025-06-09T09:24:05","modified_gmt":"2025-06-09T09:24:05","slug":"vowles-albon-ve-sainz-tamamen-ayni-sasileri-kullaniyorlar","status":"publish","type":"post","link":"https:\/\/haberbesiktas.tr\/?p=35760","title":{"rendered":"Vowles: &#8220;Albon ve Sainz tamamen ayn\u0131 \u015fasileri kullan\u0131yorlar&#8221;"},"content":{"rendered":"<p>Williams, d\u00f6nemin birinci yar\u0131\u015flar\u0131nda 17 puan toplarken, bunlar\u0131n yaln\u0131zca biri Sainz&#8217;dan geldi.<\/p>\n<p> \u0130spanyol pilot, kadro arkada\u015f\u0131 Albon&#8217;a k\u0131yasla \u00e7oklukla geride kal\u0131rken, Albon Melbourne&#8217;de hem s\u0131ralamada hem de yar\u0131\u015fta birinci alt\u0131da yer ald\u0131 ve \u00c7in&#8217;de yedinci oldu.<\/p>\n<p> <strong>&#8220;HIZIMIN NEREYE G\u0130TT\u0130\u011e\u0130N\u0130 B\u0130LM\u0130YORUM&#8221;<\/strong><\/p>\n<p> Sainz, \u015eanghay&#8217;daki d\u00fc\u015f\u00fck temposuna \u015fa\u015f\u0131rd\u0131\u011f\u0131n\u0131 belirterek, &#8220;D\u00fcr\u00fcst olmak gerekirse biraz \u015fa\u015fk\u0131n\u0131m, zira bu araca birinci oturdu\u011fum andan itibaren testlerde \u00e7ok s\u00fcratliydim. Lakin bu hafta sonu surat\u0131m\u0131n nereye gitti\u011fini bilmiyorum.&#8221; dedi.<\/p>\n<p> Birtak\u0131m arg\u00fcmanlara nazaran, performans fark\u0131n\u0131n sebebi Sainz&#8217;\u0131n ge\u00e7en y\u0131l\u0131n \u015fasisini kullanmas\u0131, Albon&#8217;un ise yeni bir \u015fasiyle m\u00fcsabakas\u0131yd\u0131. Lakin Vowles bu iddiay\u0131 kesin bir lisanla reddetti.<\/p>\n<p> <strong>&#8220;TAMAMEN B\u0130REB\u0130R ARABALARI KULLANIYORLAR&#8221;<\/strong><\/p>\n<p> &#8220;Ara\u00e7taki her \u015fey t\u0131pk\u0131 teknik \u00f6zelliklere ve standarda sahip. \u0130ki pilot da ge\u00e7en y\u0131l\u0131n geli\u015ftirilmi\u015f bir versiyonu olan \u015fasiyi kullan\u0131yor.&#8221; diyerek s\u00f6ylentilere a\u00e7\u0131kl\u0131k getirdi.<\/p>\n<p> Vowles ayr\u0131yeten Williams&#8217;\u0131n mevcut teknik d\u00fczenlemelerin son y\u0131l\u0131nda b\u00fcsb\u00fct\u00fcn yeni bir \u015fasi tasarlamak yerine, mevcut \u015fasiyi geli\u015ftirerek ilerlemeyi tercih etti\u011fini belirtti.<\/p>\n<p> &#8220;Bunun sebebi yat\u0131r\u0131m \u00f6nceli\u011fimizi 2026&#8217;ya ve sonras\u0131na y\u00f6nlendirmek istememiz.&#8221;<\/p>\n<p> &#8220;Bu finansal de\u011fil, vakit idaresiyle ilgili bir karar. B\u00fct\u00e7e sonuna tabi olsak da, 2026 i\u00e7in m\u00fcmk\u00fcn olan en g\u00fczel paketi haz\u0131rlamaya odaklanmak istiyoruz.&#8221;<\/p>\n<p> &#8220;Soruyu \u00e7ok net halde yan\u0131tlamak gerekirse, iki pilot da b\u00fcsb\u00fct\u00fcn birebir ekipman\u0131, yani 2024 \u015fasisinin geli\u015ftirilmi\u015f bir versiyonunu kullan\u0131yor.&#8221;<\/p>\n<p>Kaynak: Motorsport T\u00fcrkiye<\/p>\n","protected":false},"excerpt":{"rendered":"<p>Williams ekip i\u015fvereni James Vowles, Carlos Sainz ve Alex Albon&#8217;un farkl\u0131 \u015fasiler kulland\u0131\u011f\u0131na dair tezleri reddetti.<\/p>\n","protected":false},"author":1,"featured_media":35761,"comment_status":"open","ping_status":"open","sticky":false,"template":"","format":"standard","meta":{"footnotes":""},"categories":[27],"tags":[2832],"class_list":["post-35760","post","type-post","status-publish","format-standard","has-post-thumbnail","hentry","category-guncel-haberler","tag-sasi"],"_links":{"self":[{"href":"https:\/\/haberbesiktas.tr\/index.php?rest_route=\/wp\/v2\/posts\/35760","targetHints":{"allow":["GET"]}}],"collection":[{"href":"https:\/\/haberbesiktas.tr\/index.php?rest_route=\/wp\/v2\/posts"}],"about":[{"href":"https:\/\/haberbesiktas.tr\/index.php?rest_route=\/wp\/v2\/types\/post"}],"author":[{"embeddable":true,"href":"https:\/\/haberbesiktas.tr\/index.php?rest_route=\/wp\/v2\/users\/1"}],"replies":[{"embeddable":true,"href":"https:\/\/haberbesiktas.tr\/index.php?rest_route=%2Fwp%2Fv2%2Fcomments&post=35760"}],"version-history":[{"count":1,"href":"https:\/\/haberbesiktas.tr\/index.php?rest_route=\/wp\/v2\/posts\/35760\/revisions"}],"predecessor-version":[{"id":35762,"href":"https:\/\/haberbesiktas.tr\/index.php?rest_route=\/wp\/v2\/posts\/35760\/revisions\/35762"}],"wp:featuredmedia":[{"embeddable":true,"href":"https:\/\/haberbesiktas.tr\/index.php?rest_route=\/wp\/v2\/media\/35761"}],"wp:attachment":[{"href":"https:\/\/haberbesiktas.tr\/index.php?rest_route=%2Fwp%2Fv2%2Fmedia&parent=35760"}],"wp:term":[{"taxonomy":"category","embeddable":true,"href":"https:\/\/haberbesiktas.tr\/index.php?rest_route=%2Fwp%2Fv2%2Fcategories&post=35760"},{"taxonomy":"post_tag","embeddable":true,"href":"https:\/\/haberbesiktas.tr\/index.php?rest_route=%2Fwp%2Fv2%2Ftags&post=35760"}],"curies":[{"name":"wp","href":"https:\/\/api.w.org\/{rel}","templated":true}]}}