{"id":35790,"date":"2025-06-09T11:00:06","date_gmt":"2025-06-09T11:00:06","guid":{"rendered":"https:\/\/haberbesiktas.tr\/?p=35790"},"modified":"2025-06-09T11:00:06","modified_gmt":"2025-06-09T11:00:06","slug":"cadillac-f1-2026-icin-perezle-ilgilendiklerini-dogruladi","status":"publish","type":"post","link":"https:\/\/haberbesiktas.tr\/?p=35790","title":{"rendered":"Cadillac F1, 2026 i\u00e7in Perez&#8217;le ilgilendiklerini do\u011frulad\u0131"},"content":{"rendered":"<p>Red Bull&#8217;dan ayr\u0131ld\u0131ktan sonra Formula 1 mesle\u011fine orta vermek zorunda kalan Sergio Perez i\u00e7in yeni bir kap\u0131 a\u00e7\u0131labilir. 2026&#8217;da F1&#8217;e giri\u015f yapacak Cadillac F1&#8217;in grup dan\u0131\u015fman\u0131 Mario Andretti, ESPN&#8217;e verdi\u011fi r\u00f6portajda Meksikal\u0131 pilotun de\u011ferli bir se\u00e7enek oldu\u011funu lisana getirdi.<\/p>\n<p> Andretti, Cadillac kadrosunun bilhassa ikinci pilot koltu\u011funa tecr\u00fcbeli bir isim arad\u0131\u011f\u0131n\u0131 vurgulad\u0131 ve isim vermeden \u00fc\u00e7 pilottan bahsetti: &#8220;\u0130kinci koltu\u011fumuza katiyen deneyimli ve bize liderlik edebilecek bir pilot ar\u0131yoruz. Bu a\u00e7\u0131dan bak\u0131ld\u0131\u011f\u0131nda, se\u00e7eneklerimiz asl\u0131nda epey net. Realist olmak gerekirse, \u00fc\u00e7 \u015fof\u00f6r ortas\u0131ndan birini se\u00e7ece\u011fiz lakin kim olduklar\u0131n\u0131 s\u00f6yleyemem.&#8221;<\/p>\n<p> ESPN taraf\u0131ndan direkt Sergio Perez hakk\u0131nda sorulan soruya Andretti&#8217;nin yan\u0131t\u0131 ise dikkat cazipti: &#8220;Perez bir se\u00e7enek olabilir, evet. Katiyen bir ihtimal olarak k\u0131ymetlendiriyoruz.&#8221;<\/p>\n<p> Checo Perez ise ge\u00e7ti\u011fimiz g\u00fcnlerde YouTube&#8217;da yay\u0131nlanan r\u00f6portaj\u0131nda motor sporlar\u0131na d\u00f6nme konusunda se\u00e7eneklerinin oldu\u011funu belirterek \u015funlar\u0131 s\u00f6yledi: &#8220;\u015eu an bir\u00e7ok kap\u0131 a\u00e7\u0131k. Mesle\u011fimle ilgili en yanl\u0131\u015fs\u0131z karar\u0131 vermek i\u00e7in kendime vakit ve alan tan\u0131mak istiyorum.&#8221;<\/p>\n<p> Cadillac i\u00e7in ABD&#8217;li pilot Colton Herta birinci se\u00e7enek olsa da, Herta&#8217;n\u0131n harika lisans sorunu Perez&#8217;i g\u00fc\u00e7l\u00fc bir aday h\u00e2line getiriyor. Perez&#8217;in deneyimi, yeni gruba b\u00fcy\u00fck avantaj sa\u011flayabilir.<\/p>\n<p>Kaynak: Motorsport T\u00fcrkiye<\/p>\n","protected":false},"excerpt":{"rendered":"<p>Mario Andretti, Sergio Perez&#8217;in 2026 d\u00f6nemi i\u00e7in Cadillac F1&#8217;in se\u00e7enekleri ortas\u0131nda yer ald\u0131\u011f\u0131n\u0131 do\u011frulad\u0131.<\/p>\n","protected":false},"author":1,"featured_media":35791,"comment_status":"open","ping_status":"open","sticky":false,"template":"","format":"standard","meta":{"footnotes":""},"categories":[27],"tags":[2834,1279,2835],"class_list":["post-35790","post","type-post","status-publish","format-standard","has-post-thumbnail","hentry","category-guncel-haberler","tag-perez","tag-pilot","tag-secenek"],"_links":{"self":[{"href":"https:\/\/haberbesiktas.tr\/index.php?rest_route=\/wp\/v2\/posts\/35790","targetHints":{"allow":["GET"]}}],"collection":[{"href":"https:\/\/haberbesiktas.tr\/index.php?rest_route=\/wp\/v2\/posts"}],"about":[{"href":"https:\/\/haberbesiktas.tr\/index.php?rest_route=\/wp\/v2\/types\/post"}],"author":[{"embeddable":true,"href":"https:\/\/haberbesiktas.tr\/index.php?rest_route=\/wp\/v2\/users\/1"}],"replies":[{"embeddable":true,"href":"https:\/\/haberbesiktas.tr\/index.php?rest_route=%2Fwp%2Fv2%2Fcomments&post=35790"}],"version-history":[{"count":1,"href":"https:\/\/haberbesiktas.tr\/index.php?rest_route=\/wp\/v2\/posts\/35790\/revisions"}],"predecessor-version":[{"id":35792,"href":"https:\/\/haberbesiktas.tr\/index.php?rest_route=\/wp\/v2\/posts\/35790\/revisions\/35792"}],"wp:featuredmedia":[{"embeddable":true,"href":"https:\/\/haberbesiktas.tr\/index.php?rest_route=\/wp\/v2\/media\/35791"}],"wp:attachment":[{"href":"https:\/\/haberbesiktas.tr\/index.php?rest_route=%2Fwp%2Fv2%2Fmedia&parent=35790"}],"wp:term":[{"taxonomy":"category","embeddable":true,"href":"https:\/\/haberbesiktas.tr\/index.php?rest_route=%2Fwp%2Fv2%2Fcategories&post=35790"},{"taxonomy":"post_tag","embeddable":true,"href":"https:\/\/haberbesiktas.tr\/index.php?rest_route=%2Fwp%2Fv2%2Ftags&post=35790"}],"curies":[{"name":"wp","href":"https:\/\/api.w.org\/{rel}","templated":true}]}}