{"id":35793,"date":"2025-06-09T11:12:09","date_gmt":"2025-06-09T11:12:09","guid":{"rendered":"https:\/\/haberbesiktas.tr\/?p=35793"},"modified":"2025-06-09T11:12:09","modified_gmt":"2025-06-09T11:12:09","slug":"simon-rolfes-alonso-takimda-kalacak","status":"publish","type":"post","link":"https:\/\/haberbesiktas.tr\/?p=35793","title":{"rendered":"Simon Rolfes: &#8220;Alonso tak\u0131mda kalacak&#8221;"},"content":{"rendered":"<div>Bayer Leverkusen Sportif Y\u00f6neticisi Simon Rolfes, teknik y\u00f6neticileri Xabi Alonso ile ilgili konu\u015ftu.<\/p>\n<p> Rolfes, Real Madrid ile ismi ge\u00e7en Alonso&#8217;nun ekipte kalaca\u011f\u0131n\u0131 s\u00f6yledi.<\/p>\n<p> Alonso&#8217;nun muhtemel ayr\u0131l\u0131\u011f\u0131 konusunda tela\u015fl\u0131 olup olmad\u0131\u011f\u0131 taraf\u0131nda gelen soruya kar\u015f\u0131l\u0131k veren Alman futbol adam\u0131<strong>, &#8220;Hay\u0131r, kal\u0131yor! Bizimle bir kontrat\u0131 var ve bu d\u00f6nem ile gelecek d\u00f6nem planlamas\u0131 i\u00e7in yapt\u0131\u011f\u0131m\u0131z g\u00f6r\u00fc\u015fmelerde yak\u0131n temas halindeyiz.&#8221;<\/strong> dedi.<\/p>\n<\/div>\n<p><\/p>\n","protected":false},"excerpt":{"rendered":"<p>Bayer Leverkusen Sportif Y\u00f6neticisi Simon Rolfes, Real Madrid ile ismi ge\u00e7en teknik y\u00f6neticileri Xabi Alonso&#8217;nun kadroda kalaca\u011f\u0131n\u0131 s\u00f6yledi.<\/p>\n","protected":false},"author":1,"featured_media":35794,"comment_status":"open","ping_status":"open","sticky":false,"template":"","format":"standard","meta":{"footnotes":""},"categories":[25],"tags":[],"class_list":["post-35793","post","type-post","status-publish","format-standard","has-post-thumbnail","hentry","category-futbol"],"_links":{"self":[{"href":"https:\/\/haberbesiktas.tr\/index.php?rest_route=\/wp\/v2\/posts\/35793","targetHints":{"allow":["GET"]}}],"collection":[{"href":"https:\/\/haberbesiktas.tr\/index.php?rest_route=\/wp\/v2\/posts"}],"about":[{"href":"https:\/\/haberbesiktas.tr\/index.php?rest_route=\/wp\/v2\/types\/post"}],"author":[{"embeddable":true,"href":"https:\/\/haberbesiktas.tr\/index.php?rest_route=\/wp\/v2\/users\/1"}],"replies":[{"embeddable":true,"href":"https:\/\/haberbesiktas.tr\/index.php?rest_route=%2Fwp%2Fv2%2Fcomments&post=35793"}],"version-history":[{"count":1,"href":"https:\/\/haberbesiktas.tr\/index.php?rest_route=\/wp\/v2\/posts\/35793\/revisions"}],"predecessor-version":[{"id":35795,"href":"https:\/\/haberbesiktas.tr\/index.php?rest_route=\/wp\/v2\/posts\/35793\/revisions\/35795"}],"wp:featuredmedia":[{"embeddable":true,"href":"https:\/\/haberbesiktas.tr\/index.php?rest_route=\/wp\/v2\/media\/35794"}],"wp:attachment":[{"href":"https:\/\/haberbesiktas.tr\/index.php?rest_route=%2Fwp%2Fv2%2Fmedia&parent=35793"}],"wp:term":[{"taxonomy":"category","embeddable":true,"href":"https:\/\/haberbesiktas.tr\/index.php?rest_route=%2Fwp%2Fv2%2Fcategories&post=35793"},{"taxonomy":"post_tag","embeddable":true,"href":"https:\/\/haberbesiktas.tr\/index.php?rest_route=%2Fwp%2Fv2%2Ftags&post=35793"}],"curies":[{"name":"wp","href":"https:\/\/api.w.org\/{rel}","templated":true}]}}