{"id":35799,"date":"2025-06-09T11:36:08","date_gmt":"2025-06-09T11:36:08","guid":{"rendered":"https:\/\/haberbesiktas.tr\/?p=35799"},"modified":"2025-06-09T11:36:08","modified_gmt":"2025-06-09T11:36:08","slug":"thomas-reis-futbol-adina-berbat-bir-mac-oldu","status":"publish","type":"post","link":"https:\/\/haberbesiktas.tr\/?p=35799","title":{"rendered":"Thomas Reis: &#8220;Futbol ad\u0131na berbat bir ma\u00e7 oldu&#8221;"},"content":{"rendered":"<div>Trendyol Muhte\u015fem Lig&#8217;in 29. haftas\u0131nda alan\u0131nda Kas\u0131mpa\u015fa&#8217;ya 2-0 yenilen Reeder Samsunspor&#8217;un teknik y\u00f6neticisi Thomas Reis, futbol ismine berbat bir ma\u00e7 oldu\u011funu s\u00f6yledi.<\/p>\n<p> Reis, ma\u00e7\u0131n akabinde Yeni 19 May\u0131s Stad\u0131&#8217;nda d\u00fczenlenen bas\u0131n toplant\u0131s\u0131nda, ma\u011flup olduklar\u0131 i\u00e7in \u00fczg\u00fcn oldu\u011funu kaydetti.<\/p>\n<p> Grubunun bug\u00fcn makus g\u00fcn\u00fcnde oldu\u011funu aktaran Reis, &#8220;Her iki taraf a\u00e7\u0131s\u0131ndan futbol ismine berbat bir ma\u00e7 oldu. Gerek pas manas\u0131nda, gerekse ofansif ve defansif manada berbat ma\u00e7 oldu. Bu ma\u00e7\u0131n kendi kriti\u011fini yapaca\u011f\u0131z. Daha sonras\u0131nda ba\u015f\u0131m\u0131z\u0131 tekrardan kald\u0131rmak istiyoruz.&#8221; dedi.<\/p>\n<p> Taraftarlar\u0131ndan \u00f6z\u00fcr dileyen Reis, en d\u00fczg\u00fcn halde Antalyaspor ma\u00e7\u0131n\u0131n haz\u0131rl\u0131klar\u0131n\u0131 yapacaklar\u0131n\u0131 lisana getirdi.<\/p>\n<\/div>\n<p><\/p>\n","protected":false},"excerpt":{"rendered":"<p>Samsunspor Teknik Y\u00f6neticisi Thomas Reis, Kas\u0131mpa\u015fa ma\u00e7\u0131n\u0131n akabinde konu\u015ftu.<\/p>\n","protected":false},"author":1,"featured_media":35800,"comment_status":"open","ping_status":"open","sticky":false,"template":"","format":"standard","meta":{"footnotes":""},"categories":[25],"tags":[50],"class_list":["post-35799","post","type-post","status-publish","format-standard","has-post-thumbnail","hentry","category-futbol","tag-mac"],"_links":{"self":[{"href":"https:\/\/haberbesiktas.tr\/index.php?rest_route=\/wp\/v2\/posts\/35799","targetHints":{"allow":["GET"]}}],"collection":[{"href":"https:\/\/haberbesiktas.tr\/index.php?rest_route=\/wp\/v2\/posts"}],"about":[{"href":"https:\/\/haberbesiktas.tr\/index.php?rest_route=\/wp\/v2\/types\/post"}],"author":[{"embeddable":true,"href":"https:\/\/haberbesiktas.tr\/index.php?rest_route=\/wp\/v2\/users\/1"}],"replies":[{"embeddable":true,"href":"https:\/\/haberbesiktas.tr\/index.php?rest_route=%2Fwp%2Fv2%2Fcomments&post=35799"}],"version-history":[{"count":1,"href":"https:\/\/haberbesiktas.tr\/index.php?rest_route=\/wp\/v2\/posts\/35799\/revisions"}],"predecessor-version":[{"id":35801,"href":"https:\/\/haberbesiktas.tr\/index.php?rest_route=\/wp\/v2\/posts\/35799\/revisions\/35801"}],"wp:featuredmedia":[{"embeddable":true,"href":"https:\/\/haberbesiktas.tr\/index.php?rest_route=\/wp\/v2\/media\/35800"}],"wp:attachment":[{"href":"https:\/\/haberbesiktas.tr\/index.php?rest_route=%2Fwp%2Fv2%2Fmedia&parent=35799"}],"wp:term":[{"taxonomy":"category","embeddable":true,"href":"https:\/\/haberbesiktas.tr\/index.php?rest_route=%2Fwp%2Fv2%2Fcategories&post=35799"},{"taxonomy":"post_tag","embeddable":true,"href":"https:\/\/haberbesiktas.tr\/index.php?rest_route=%2Fwp%2Fv2%2Ftags&post=35799"}],"curies":[{"name":"wp","href":"https:\/\/api.w.org\/{rel}","templated":true}]}}