{"id":35813,"date":"2025-06-09T21:24:12","date_gmt":"2025-06-09T21:24:12","guid":{"rendered":"https:\/\/haberbesiktas.tr\/?p=35813"},"modified":"2025-06-09T21:24:12","modified_gmt":"2025-06-09T21:24:12","slug":"galatasarayda-iki-futbolcu-derbi-kadrosunda-yok","status":"publish","type":"post","link":"https:\/\/haberbesiktas.tr\/?p=35813","title":{"rendered":"Galatasaray&#8217;da iki futbolcu derbi kadrosunda yok"},"content":{"rendered":"<div>Galatasaray&#8217;da iki futbolcu Be\u015fikta\u015f ile oynanan derbinin tak\u0131m\u0131nda yer almad\u0131.<\/p>\n<p> Sar\u0131-k\u0131rm\u0131z\u0131l\u0131larda sakatl\u0131\u011f\u0131 bulunan Roland Sallai ve sakatl\u0131\u011f\u0131 sonras\u0131 riske edilmeyen Ismail Jakobs, Be\u015fikta\u015f kar\u015f\u0131s\u0131nda ma\u00e7 tak\u0131m\u0131na dahil edilmedi.<\/p>\n<p> <strong>Galatasaray&#8217;\u0131n derbide birinci 11&#8217;i \u015fu halde:<\/p>\n<p><img decoding=\"async\" src=\"https:\/\/haberbesiktas.tr\/wp-content\/uploads\/2025\/06\/galatasarayda-iki-futbolcu-derbi-kadrosunda-yok-0-LYkRUWzv.jpg\"\/><br \/><\/strong><\/p>\n<\/div>\n<p><\/p>\n","protected":false},"excerpt":{"rendered":"<p>Galatasaray&#8217;da Roland Sallai ve Ismail Jakobs ma\u00e7 tak\u0131m\u0131nda yer almad\u0131.<\/p>\n","protected":false},"author":1,"featured_media":35814,"comment_status":"open","ping_status":"open","sticky":false,"template":"","format":"standard","meta":{"footnotes":""},"categories":[25],"tags":[],"class_list":["post-35813","post","type-post","status-publish","format-standard","has-post-thumbnail","hentry","category-futbol"],"_links":{"self":[{"href":"https:\/\/haberbesiktas.tr\/index.php?rest_route=\/wp\/v2\/posts\/35813","targetHints":{"allow":["GET"]}}],"collection":[{"href":"https:\/\/haberbesiktas.tr\/index.php?rest_route=\/wp\/v2\/posts"}],"about":[{"href":"https:\/\/haberbesiktas.tr\/index.php?rest_route=\/wp\/v2\/types\/post"}],"author":[{"embeddable":true,"href":"https:\/\/haberbesiktas.tr\/index.php?rest_route=\/wp\/v2\/users\/1"}],"replies":[{"embeddable":true,"href":"https:\/\/haberbesiktas.tr\/index.php?rest_route=%2Fwp%2Fv2%2Fcomments&post=35813"}],"version-history":[{"count":1,"href":"https:\/\/haberbesiktas.tr\/index.php?rest_route=\/wp\/v2\/posts\/35813\/revisions"}],"predecessor-version":[{"id":35816,"href":"https:\/\/haberbesiktas.tr\/index.php?rest_route=\/wp\/v2\/posts\/35813\/revisions\/35816"}],"wp:featuredmedia":[{"embeddable":true,"href":"https:\/\/haberbesiktas.tr\/index.php?rest_route=\/wp\/v2\/media\/35814"}],"wp:attachment":[{"href":"https:\/\/haberbesiktas.tr\/index.php?rest_route=%2Fwp%2Fv2%2Fmedia&parent=35813"}],"wp:term":[{"taxonomy":"category","embeddable":true,"href":"https:\/\/haberbesiktas.tr\/index.php?rest_route=%2Fwp%2Fv2%2Fcategories&post=35813"},{"taxonomy":"post_tag","embeddable":true,"href":"https:\/\/haberbesiktas.tr\/index.php?rest_route=%2Fwp%2Fv2%2Ftags&post=35813"}],"curies":[{"name":"wp","href":"https:\/\/api.w.org\/{rel}","templated":true}]}}