{"id":35817,"date":"2025-06-09T21:36:13","date_gmt":"2025-06-09T21:36:13","guid":{"rendered":"https:\/\/haberbesiktas.tr\/?p=35817"},"modified":"2025-06-09T21:36:13","modified_gmt":"2025-06-09T21:36:13","slug":"ole-gunnar-solskjaer-immobileyi-11de-tercih-etmedi","status":"publish","type":"post","link":"https:\/\/haberbesiktas.tr\/?p=35817","title":{"rendered":"Ole Gunnar Solskjaer, Immobile&#8217;yi 11&#8217;de tercih etmedi"},"content":{"rendered":"<div>Trendyol \u00dcst\u00fcn Lig&#8217;in 29. haftas\u0131nda Be\u015fikta\u015f ile Galatasaray ortas\u0131nda oynanacak gayretin birinci 11&#8217;leri a\u00e7\u0131kland\u0131. <\/p>\n<p>Be\u015fikta\u015f Teknik Y\u00f6neticisi Ole Gunnar Solskjaer, Galatasaray derbisi 11&#8217;inde Ciro Immobile&#8217;yi tercih etmedi.<\/p>\n<p><strong>SOLSKJAER&#8217;DEN DE\u011e\u0130\u015e\u0130K KARAR<\/strong><\/p>\n<p>Norve\u00e7li teknik adam, Be\u015fikta\u015f mesle\u011findeki birinci derbisinde, klasik 11&#8217;inden farkl\u0131 olarak ileri u\u00e7ta\u00a0Rafa Silva&#8217;y\u0131, sol kanatta da Ernest Mu\u00e7i&#8217;yi oynatacak.\u00a0<\/p>\n<p>Be\u015fikta\u015f formas\u0131yla son gol\u00fcn\u00fc iki hafta evvel Gaziantep FK kar\u015f\u0131s\u0131nda kaydeden Ciro Immobile, ma\u00e7a kul\u00fcbede ba\u015flayacak.\u00a0<\/p>\n<p><strong>8 HAFTA SONRA 11&#8217;DE YOK<\/strong><\/p>\n<p>Immobile&#8217;nin Be\u015fikta\u015f formas\u0131yla kul\u00fcbede ba\u015flad\u0131\u011f\u0131 son ma\u00e7, 21. haftadaki Antalyaspor ma\u00e7\u0131yd\u0131. Be\u015fikta\u015f, o ma\u00e7ta Antalyaspor ile 1-1 berabere kalm\u0131\u015ft\u0131.<\/p>\n<p>\u0130talyan golc\u00fc, Be\u015fikta\u015f formas\u0131yla \u00e7\u0131kt\u0131\u011f\u0131 33 ma\u00e7ta 15 gol, 3 asistlik performans sergiledi.<\/p>\n<p><strong>MA\u00c7IN B\u0130R\u0130NC\u0130 11&#8217;LER\u0130<\/strong><\/p>\n<p><strong>Be\u015fikta\u015f:\u00a0<\/strong><span>Mert, Svensson, Paulista, Emirhan, Masuaku, Gedson, Chamberlain, Rashica, Mu\u00e7i, Joao Mario, Rafa Silva.<\/p>\n<p><img decoding=\"async\" src=\"https:\/\/haberbesiktas.tr\/wp-content\/uploads\/2025\/06\/ole-gunnar-solskjaer-immobileyi-11de-tercih-etmedi-0-bXTUI2B3.jpg\"\/><\/span><\/p>\n<p><strong>Galatasaray:<\/strong><span>\u00a0Muslera, Frankowski, Davinson, Abd\u00fclkerim, Eren, Torreira, Sara, Morata, Yunus, Bar\u0131\u015f, Osimhen.<\/p>\n<p><\/span><br \/><img decoding=\"async\" src=\"https:\/\/haberbesiktas.tr\/wp-content\/uploads\/2025\/06\/ole-gunnar-solskjaer-immobileyi-11de-tercih-etmedi-1-XlThsOda.png\"\/><\/p>\n<\/div>\n<p><\/p>\n","protected":false},"excerpt":{"rendered":"<p>Be\u015fikta\u015f Teknik Y\u00f6neticisi Ole Gunnar Solskjaer, Galatasaray derbisi 11&#8217;inde Ciro Immobile&#8217;yi tercih etmedi.<\/p>\n","protected":false},"author":1,"featured_media":35818,"comment_status":"open","ping_status":"open","sticky":false,"template":"","format":"standard","meta":{"footnotes":""},"categories":[25],"tags":[71],"class_list":["post-35817","post","type-post","status-publish","format-standard","has-post-thumbnail","hentry","category-futbol","tag-besiktas"],"_links":{"self":[{"href":"https:\/\/haberbesiktas.tr\/index.php?rest_route=\/wp\/v2\/posts\/35817","targetHints":{"allow":["GET"]}}],"collection":[{"href":"https:\/\/haberbesiktas.tr\/index.php?rest_route=\/wp\/v2\/posts"}],"about":[{"href":"https:\/\/haberbesiktas.tr\/index.php?rest_route=\/wp\/v2\/types\/post"}],"author":[{"embeddable":true,"href":"https:\/\/haberbesiktas.tr\/index.php?rest_route=\/wp\/v2\/users\/1"}],"replies":[{"embeddable":true,"href":"https:\/\/haberbesiktas.tr\/index.php?rest_route=%2Fwp%2Fv2%2Fcomments&post=35817"}],"version-history":[{"count":1,"href":"https:\/\/haberbesiktas.tr\/index.php?rest_route=\/wp\/v2\/posts\/35817\/revisions"}],"predecessor-version":[{"id":35821,"href":"https:\/\/haberbesiktas.tr\/index.php?rest_route=\/wp\/v2\/posts\/35817\/revisions\/35821"}],"wp:featuredmedia":[{"embeddable":true,"href":"https:\/\/haberbesiktas.tr\/index.php?rest_route=\/wp\/v2\/media\/35818"}],"wp:attachment":[{"href":"https:\/\/haberbesiktas.tr\/index.php?rest_route=%2Fwp%2Fv2%2Fmedia&parent=35817"}],"wp:term":[{"taxonomy":"category","embeddable":true,"href":"https:\/\/haberbesiktas.tr\/index.php?rest_route=%2Fwp%2Fv2%2Fcategories&post=35817"},{"taxonomy":"post_tag","embeddable":true,"href":"https:\/\/haberbesiktas.tr\/index.php?rest_route=%2Fwp%2Fv2%2Ftags&post=35817"}],"curies":[{"name":"wp","href":"https:\/\/api.w.org\/{rel}","templated":true}]}}